{"id":9960,"date":"2025-08-29T13:58:28","date_gmt":"2025-08-29T12:58:28","guid":{"rendered":"https:\/\/informacionlocal.es\/100-estudiantes-del-cabildo-de-fuerteventura-finalizan-sus-practicas-con-unas-jornadas-formativas-para-afrontar-el-futuro-laboral\/"},"modified":"2025-08-29T13:58:28","modified_gmt":"2025-08-29T12:58:28","slug":"100-estudiantes-del-cabildo-de-fuerteventura-finalizan-sus-practicas-con-unas-jornadas-formativas-para-afrontar-el-futuro-laboral","status":"publish","type":"post","link":"https:\/\/informacionlocal.es\/it\/100-estudiantes-del-cabildo-de-fuerteventura-finalizan-sus-practicas-con-unas-jornadas-formativas-para-afrontar-el-futuro-laboral\/","title":{"rendered":"100 estudiantes del Cabildo de Fuerteventura finalizan sus pr\u00e1cticas con unas jornadas formativas para afrontar el futuro laboral"},"content":{"rendered":"<div class=\"entry-content\"><strong>29 agosto, 2025<\/strong><\/p>\n<p><strong><em>Los alumnos han realizado las pr\u00e1cticas de verano, durante un mes y medio, para tener un primer contacto con el mundo laboral en la instituci\u00f3n y otras entidades<\/em><\/strong><\/p>\n<p>Un total de 100 alumnos han realizado, entre el 9 de julio y 29 de agosto, sus pr\u00e1cticas profesionales en el Cabildo insular, as\u00ed como en ayuntamientos, empresas y otras entidades, gracias al Programa de Becas de Formaci\u00f3n Pr\u00e1ctica de la Consejer\u00eda de Educaci\u00f3n. Una edici\u00f3n marcada por la inclusi\u00f3n de estudiantes de formaci\u00f3n semipresencial y a distancia, quienes por primera vez han podido optar a estas becas, con el objetivo de equiparar oportunidades entre todas las modalidades de estudio y desarrollar lo aprendido.<\/p>\n<p>Como cierre de este ciclo, durante los d\u00edas 27, 28 y 29 de agosto se han celebrado sesiones formativas para ofrecer a los participantes herramientas necesarias para afrontar su inserci\u00f3n en el mundo laboral.<\/p>\n<p>El broche de oro lo puso el taller de estrategias psicol\u00f3gicas para la b\u00fasqueda de empleo y el emprendimiento, impartido por la psic\u00f3loga Nayara Ortega. Una sesi\u00f3n en la que se han trabajado aspectos claves como el autoconocimiento, las habilidades sociales y la gesti\u00f3n emocional.\u00a0<\/p>\n<p>La presidenta del Cabildo de Fuerteventura, Lola\u00a0Garc\u00eda, \u201cseguiremos trabajando para ampliar estas oportunidades, para escuchar sus voces y para que sientan que aqu\u00ed, en su tierra, hay espacio para crecer y desarrollarse\u201d.<\/p>\n<p>Por su parte, el consejero de Juventud, Adargoma Hern\u00e1ndez, se\u00f1al\u00f3 que \u201cdesde el \u00e1rea de Juventud queremos seguir siendo ese puente entre la formaci\u00f3n y el mundo laboral, y tambi\u00e9n un espacio de escucha, apoyo y acompa\u00f1amiento\u201d.<\/p>\n<p>Estuvieron presentes, en el acto de clausura, la presidenta insular, Lola Garc\u00eda, y el consejero de Juventud, Adargoma Hern\u00e1ndez.<\/p>\n<\/div>\n","protected":false},"excerpt":{"rendered":"<p>29 agosto, 2025 Los alumnos han realizado las pr\u00e1cticas de verano, durante un mes y medio, para tener un primer contacto con el mundo laboral en la instituci\u00f3n y otras [&hellip;]<\/p>\n","protected":false},"author":1,"featured_media":9962,"comment_status":"open","ping_status":"open","sticky":false,"template":"","format":"standard","meta":{"inline_featured_image":false,"jnews-multi-image_gallery":[],"jnews_single_post":[],"jnews_primary_category":[],"jnews_social_meta":[],"jnews_override_counter":[],"jnews_post_split":[],"footnotes":""},"categories":[58],"tags":[73,82],"class_list":["post-9960","post","type-post","status-publish","format-standard","has-post-thumbnail","hentry","category-cabildo","tag-educacion","tag-fuerteventura"],"jetpack_featured_media_url":"https:\/\/informacionlocal.es\/wp-content\/uploads\/2025\/08\/1756467283-6bfab1418aacecaef84e99e74d25d624.jpg","_links":{"self":[{"href":"https:\/\/informacionlocal.es\/it\/wp-json\/wp\/v2\/posts\/9960","targetHints":{"allow":["GET"]}}],"collection":[{"href":"https:\/\/informacionlocal.es\/it\/wp-json\/wp\/v2\/posts"}],"about":[{"href":"https:\/\/informacionlocal.es\/it\/wp-json\/wp\/v2\/types\/post"}],"author":[{"embeddable":true,"href":"https:\/\/informacionlocal.es\/it\/wp-json\/wp\/v2\/users\/1"}],"replies":[{"embeddable":true,"href":"https:\/\/informacionlocal.es\/it\/wp-json\/wp\/v2\/comments?post=9960"}],"version-history":[{"count":0,"href":"https:\/\/informacionlocal.es\/it\/wp-json\/wp\/v2\/posts\/9960\/revisions"}],"wp:featuredmedia":[{"embeddable":true,"href":"https:\/\/informacionlocal.es\/it\/wp-json\/wp\/v2\/media\/9962"}],"wp:attachment":[{"href":"https:\/\/informacionlocal.es\/it\/wp-json\/wp\/v2\/media?parent=9960"}],"wp:term":[{"taxonomy":"category","embeddable":true,"href":"https:\/\/informacionlocal.es\/it\/wp-json\/wp\/v2\/categories?post=9960"},{"taxonomy":"post_tag","embeddable":true,"href":"https:\/\/informacionlocal.es\/it\/wp-json\/wp\/v2\/tags?post=9960"}],"curies":[{"name":"wp","href":"https:\/\/api.w.org\/{rel}","templated":true}]}}