{"id":9922,"date":"2025-08-28T20:03:11","date_gmt":"2025-08-28T19:03:11","guid":{"rendered":"https:\/\/informacionlocal.es\/fiesta-joven-este-viernes-en-antigua-con-los-dj-renzzo-el-selector-y-ricardo-araujo\/"},"modified":"2025-08-28T20:03:11","modified_gmt":"2025-08-28T19:03:11","slug":"fiesta-joven-este-viernes-en-antigua-con-los-dj-renzzo-el-selector-y-ricardo-araujo","status":"publish","type":"post","link":"https:\/\/informacionlocal.es\/it\/fiesta-joven-este-viernes-en-antigua-con-los-dj-renzzo-el-selector-y-ricardo-araujo\/","title":{"rendered":"Fiesta Joven este viernes en Antigua con los DJ Renzzo El Selector y Ricardo Araujo"},"content":{"rendered":"<div class=\"elementor-widget-container\">\n<p><strong>Fiesta Joven este viernes en Antigua con los DJ Renzzo El Selector y Ricardo Araujo<\/strong><\/p>\n<p><strong>\u2022 Suben al escenario principal de las Fiestas de Antigua los DJs m\u00e1s reclamados, Renzzo El Selector y Ricardo Araujo, protagonizando la Fiesta Joven que cerrar\u00e1n de madrugada el grupo Gente Nueva. <\/strong><br \/><strong>\u2022 Fiesta Infantil por la ma\u00f1ana desde las 10:00 horas y Masterclass de Bailes Latinos por la tarde desde las 19:30 horas.<\/strong><\/p>\n<p>Las Fiestas en Honor a Nuestra Se\u00f1ora de La Antigua despliegan su repertorio de actuaciones y conciertos, afirma el alcalde, Mat\u00edas Pe\u00f1a, comenzando en el escenario principal junto a la Plaza del Ayuntamiento, con una Fiesta Joven protagonizada por el DJ Renzzo El Selector, precedido desde las 22:00 horas por el DJ Ricardo Araujo y cerrando ya de madrugada, el grupo Gente Nueva.<\/p>\n<p>Este viernes 29, es comienzo de fin de semana y comienzo de Fiestas de Antigua, y lo hacemos con Fiesta Infantil desde las 10:00 horas en la plaza de la Iglesia, que continuar\u00e1 con m\u00e1s actividades para los peque\u00f1os y peque\u00f1as a las cinco de la tarde, y a\u00f1ade el concejal de Festejos, Pedro M. Armas Mart\u00edn, seguidas a las 19:30 horas de una divertida Masterclass de Bailes latinos.<\/p>\n<p>La Fiesta Infantil seguir\u00e1 protagonizando la ma\u00f1ana del s\u00e1bado desde las 10:00 horas y tambi\u00e9n por la tarde con una Gincana organizada por la Comisi\u00f3n de Fiestas, detalla el concejal Armas Mart\u00edn.<\/p>\n<p>SI la Fiesta Joven protagoniza la noche y madrugada de este viernes, la Verbena del s\u00e1bado no se queda atr\u00e1s, explica el concejal con las actuaciones de la Orquesta Melodi desde las 22:00 horas y los grupos Arena y Kandela.<\/p>\n<\/div>\n","protected":false},"excerpt":{"rendered":"<p><strong>Fiesta Joven este viernes en Antigua con los DJ Renzzo El Selector y Ricardo Araujo<\/strong><\/p>\n","protected":false},"author":1,"featured_media":9924,"comment_status":"open","ping_status":"open","sticky":false,"template":"","format":"standard","meta":{"inline_featured_image":false,"jnews-multi-image_gallery":[],"jnews_single_post":[],"jnews_primary_category":[],"jnews_social_meta":[],"jnews_override_counter":[],"jnews_post_split":[],"footnotes":""},"categories":[59],"tags":[],"class_list":["post-9922","post","type-post","status-publish","format-standard","has-post-thumbnail","hentry","category-antigua"],"jetpack_featured_media_url":"https:\/\/informacionlocal.es\/wp-content\/uploads\/2025\/08\/fiesta-joven-en-antigua.jpg","_links":{"self":[{"href":"https:\/\/informacionlocal.es\/it\/wp-json\/wp\/v2\/posts\/9922","targetHints":{"allow":["GET"]}}],"collection":[{"href":"https:\/\/informacionlocal.es\/it\/wp-json\/wp\/v2\/posts"}],"about":[{"href":"https:\/\/informacionlocal.es\/it\/wp-json\/wp\/v2\/types\/post"}],"author":[{"embeddable":true,"href":"https:\/\/informacionlocal.es\/it\/wp-json\/wp\/v2\/users\/1"}],"replies":[{"embeddable":true,"href":"https:\/\/informacionlocal.es\/it\/wp-json\/wp\/v2\/comments?post=9922"}],"version-history":[{"count":0,"href":"https:\/\/informacionlocal.es\/it\/wp-json\/wp\/v2\/posts\/9922\/revisions"}],"wp:featuredmedia":[{"embeddable":true,"href":"https:\/\/informacionlocal.es\/it\/wp-json\/wp\/v2\/media\/9924"}],"wp:attachment":[{"href":"https:\/\/informacionlocal.es\/it\/wp-json\/wp\/v2\/media?parent=9922"}],"wp:term":[{"taxonomy":"category","embeddable":true,"href":"https:\/\/informacionlocal.es\/it\/wp-json\/wp\/v2\/categories?post=9922"},{"taxonomy":"post_tag","embeddable":true,"href":"https:\/\/informacionlocal.es\/it\/wp-json\/wp\/v2\/tags?post=9922"}],"curies":[{"name":"wp","href":"https:\/\/api.w.org\/{rel}","templated":true}]}}