{"id":9910,"date":"2025-08-28T18:00:46","date_gmt":"2025-08-28T17:00:46","guid":{"rendered":"https:\/\/informacionlocal.es\/antigua-organiza-la-nueva-temporada-de-clases-de-apoyo-en-ocho-localidades-del-municipio\/"},"modified":"2025-08-28T18:00:46","modified_gmt":"2025-08-28T17:00:46","slug":"antigua-organiza-la-nueva-temporada-de-clases-de-apoyo-en-ocho-localidades-del-municipio","status":"publish","type":"post","link":"https:\/\/informacionlocal.es\/it\/antigua-organiza-la-nueva-temporada-de-clases-de-apoyo-en-ocho-localidades-del-municipio\/","title":{"rendered":"Antigua organiza la nueva temporada de Clases de Apoyo en ocho localidades del Municipio"},"content":{"rendered":"<div class=\"elementor-widget-container\">\n<p><strong>Antigua organiza la nueva temporada de Clases de Apoyo en ocho localidades del Municipio<\/strong><\/p>\n<p><strong>\u2022 El Ayuntamiento de Antigua planifica la nueva temporada de Clases de Apoyo, ampliando a ocho las localidades del Municipio donde se imparten. <\/strong><br \/><strong>\u2022 La inscripci\u00f3n es gratuita y comienza desde el 9 de septiembre por Registro de Entrada. <\/strong><br \/><strong>\u2022 Clases de apoyo presencial en Caleta de Fuste, Antigua, Valles de Ortega, Triquivijate, Los Alares, Costa de Antigua, Agua de Bueyes y Casillas de Morales <\/strong><br \/><strong>\u2022 Las Clases de Apoyo presenciales se complementan con asesoramiento y respaldo telem\u00e1tico y telef\u00f3nico los martes de 20:00 a 21:00 horas en el 928549663 y el email clasesdeapoyo@ayto-antigua.es<\/strong><\/p>\n<p>El Ayuntamiento de Antigua desde la concejal\u00eda de Educaci\u00f3n organiza la nueva temporada de las Clases de Apoyo con inscripci\u00f3n abierta y gratuita a partir del 9 de septiembre.<\/p>\n<p>Estas clases de apoyo son un respaldo a numerosos estudiantes de primaria y secundaria para resolver dudas puntuales o mejorar sus t\u00e9cnicas de estudio y razonamientos ante diferentes problemas o temarios, se\u00f1ala la concejala de Educaci\u00f3n, Am\u00e9rica Soto Betancort.<\/p>\n<p>Cara a reforzar los estudios durante el nuevo curso, a\u00f1ade Soto Betancort, finalizamos con los horarios de verano y damos comienzo a la nueva temporada desde septiembre, ampliando el n\u00famero de localidades, hasta ocho donde se van a impartir en diferentes horarios de tarde las clases de apoyo.<\/p>\n<p>El alcalde, Mat\u00edas Pe\u00f1a Garc\u00eda, destaca y agradece la voluntad y esfuerzo diario de los instructores educativos, que planifican las clases, adapt\u00e1ndose a las necesidades de cada grupo y estudiante, ofreciendo herramientas y estrategias de estudio, adem\u00e1s de resolver las dudas que puedan tener.<\/p>\n<p>Las Clases de Apoyo en la nueva temporada se imparten en la Biblioteca de Antigua y en los centros culturales de Caleta de Fuste, Costa de Antigua, Triquivijate, Los Alares, Valles de Ortega, Agua de Bueyes y Casillas de Morales.<\/p>\n<p>\u00a0<\/p>\n<\/div>\n","protected":false},"excerpt":{"rendered":"<p><strong>Antigua organiza la nueva temporada de Clases de Apoyo en ocho localidades del Municipio<\/strong><\/p>\n","protected":false},"author":1,"featured_media":9912,"comment_status":"open","ping_status":"open","sticky":false,"template":"","format":"standard","meta":{"inline_featured_image":false,"jnews-multi-image_gallery":[],"jnews_single_post":[],"jnews_primary_category":[],"jnews_social_meta":[],"jnews_override_counter":[],"jnews_post_split":[],"footnotes":""},"categories":[59],"tags":[311,73],"class_list":["post-9910","post","type-post","status-publish","format-standard","has-post-thumbnail","hentry","category-antigua","tag-antigua","tag-educacion"],"jetpack_featured_media_url":"https:\/\/informacionlocal.es\/wp-content\/uploads\/2025\/08\/ayto-antigua-cartel-clases-de-apoyo-07-2025-scaled-1.jpg","_links":{"self":[{"href":"https:\/\/informacionlocal.es\/it\/wp-json\/wp\/v2\/posts\/9910","targetHints":{"allow":["GET"]}}],"collection":[{"href":"https:\/\/informacionlocal.es\/it\/wp-json\/wp\/v2\/posts"}],"about":[{"href":"https:\/\/informacionlocal.es\/it\/wp-json\/wp\/v2\/types\/post"}],"author":[{"embeddable":true,"href":"https:\/\/informacionlocal.es\/it\/wp-json\/wp\/v2\/users\/1"}],"replies":[{"embeddable":true,"href":"https:\/\/informacionlocal.es\/it\/wp-json\/wp\/v2\/comments?post=9910"}],"version-history":[{"count":0,"href":"https:\/\/informacionlocal.es\/it\/wp-json\/wp\/v2\/posts\/9910\/revisions"}],"wp:featuredmedia":[{"embeddable":true,"href":"https:\/\/informacionlocal.es\/it\/wp-json\/wp\/v2\/media\/9912"}],"wp:attachment":[{"href":"https:\/\/informacionlocal.es\/it\/wp-json\/wp\/v2\/media?parent=9910"}],"wp:term":[{"taxonomy":"category","embeddable":true,"href":"https:\/\/informacionlocal.es\/it\/wp-json\/wp\/v2\/categories?post=9910"},{"taxonomy":"post_tag","embeddable":true,"href":"https:\/\/informacionlocal.es\/it\/wp-json\/wp\/v2\/tags?post=9910"}],"curies":[{"name":"wp","href":"https:\/\/api.w.org\/{rel}","templated":true}]}}