{"id":9854,"date":"2025-08-27T20:58:32","date_gmt":"2025-08-27T19:58:32","guid":{"rendered":"https:\/\/informacionlocal.es\/comienzan-con-el-pregon-las-fiestas-en-honor-a-nuestra-senora-de-la-antigua\/"},"modified":"2025-08-27T20:58:32","modified_gmt":"2025-08-27T19:58:32","slug":"comienzan-con-el-pregon-las-fiestas-en-honor-a-nuestra-senora-de-la-antigua","status":"publish","type":"post","link":"https:\/\/informacionlocal.es\/it\/comienzan-con-el-pregon-las-fiestas-en-honor-a-nuestra-senora-de-la-antigua\/","title":{"rendered":"Comienzan con el Preg\u00f3n las Fiestas en Honor a Nuestra Se\u00f1ora de La Antigua"},"content":{"rendered":"<div class=\"elementor-widget-container\">\n<p><strong>Comienzan con el Preg\u00f3n las Fiestas en Honor a Nuestra Se\u00f1ora de La Antigua<\/strong><\/p>\n<p><strong>\u2022 Este jueves a las 20:30 horas en la Plaza de Antigua, Preg\u00f3n de inicio de Fiestas patronales 2025 a cargo de D\u00f1a. Pepa Hern\u00e1ndez Jord\u00e1n. <\/strong><br \/><strong>\u2022 Acompa\u00f1an a la pregonera el timplista V\u00edctor Est\u00e1rico y el pianista Domingo Saavedra.<\/strong><br \/><strong>\u2022 Tras la lectura del Preg\u00f3n, actuaci\u00f3n de la parranda El Campillo y Brindis para todos los asistentes.<\/strong><\/p>\n<p>Comienzan este jueves las Fiestas de Antigua de la mejor forma, afirma el alcalde, Mat\u00edas Pe\u00f1a Garc\u00eda, con el Preg\u00f3n a cargo de Do\u00f1a Pepa, con m\u00fasica de timple, ritmos canarios, la parranda El Campillo, y brindis para todas y todos los asistentes.<\/p>\n<p>Comienzan unas Fiestas en Honor a Nuestra Se\u00f1ora de La Antigua con un programa organizado con esfuerzo y mucho cari\u00f1o desde la Comisi\u00f3n de Fiestas y la Concejal\u00eda de Festejos, y a\u00f1ade el alcalde, un cartel para unas fiestas patronales que unen y re\u00fanen, invitando a disfrutar bailes, m\u00fasica, juegos, fiestas infantiles y conciertos.<\/p>\n<p>Unas fiestas para todos los p\u00fablicos, a\u00f1ade el concejal de Festejos, Pedro M. Armas Mart\u00edn, para disfrutar c\u00f3modamente y con todas las medidas de seguridad adoptadas, convirtiendo la palza de Antigua en plaza de atracciones para los m\u00e1s peques, zona de fiestas infantiles, escenario reservado para la fiesta de los 80, emplazando los grandes conciertos y actuaciones al gran escenario en el recinto ferial de la plaza del ayuntamiento, donde disfrutaremos de la Comida de Hermandad, del Encuentro de Solistas o del concierto de David Bustamante, entre otras citas.<\/p>\n<p>Venir a Antigua en sus fiestas patronales, concluye el concejal, es venir a compartir risas, renovar energ\u00edas y comprobar que Antigua es un pueblo acogedor, tradicional y festivo.<\/p>\n<\/div>\n","protected":false},"excerpt":{"rendered":"<p><strong>Comienzan con el Preg\u00f3n las Fiestas en Honor a Nuestra Se\u00f1ora de La Antigua<\/strong><\/p>\n","protected":false},"author":1,"featured_media":9856,"comment_status":"open","ping_status":"open","sticky":false,"template":"","format":"standard","meta":{"inline_featured_image":false,"jnews-multi-image_gallery":[],"jnews_single_post":[],"jnews_primary_category":[],"jnews_social_meta":[],"jnews_override_counter":[],"jnews_post_split":[],"footnotes":""},"categories":[59],"tags":[],"class_list":["post-9854","post","type-post","status-publish","format-standard","has-post-thumbnail","hentry","category-antigua"],"jetpack_featured_media_url":"https:\/\/informacionlocal.es\/wp-content\/uploads\/2025\/08\/presentacion-fiestas-de-antigua-scaled-2.jpg","_links":{"self":[{"href":"https:\/\/informacionlocal.es\/it\/wp-json\/wp\/v2\/posts\/9854","targetHints":{"allow":["GET"]}}],"collection":[{"href":"https:\/\/informacionlocal.es\/it\/wp-json\/wp\/v2\/posts"}],"about":[{"href":"https:\/\/informacionlocal.es\/it\/wp-json\/wp\/v2\/types\/post"}],"author":[{"embeddable":true,"href":"https:\/\/informacionlocal.es\/it\/wp-json\/wp\/v2\/users\/1"}],"replies":[{"embeddable":true,"href":"https:\/\/informacionlocal.es\/it\/wp-json\/wp\/v2\/comments?post=9854"}],"version-history":[{"count":0,"href":"https:\/\/informacionlocal.es\/it\/wp-json\/wp\/v2\/posts\/9854\/revisions"}],"wp:featuredmedia":[{"embeddable":true,"href":"https:\/\/informacionlocal.es\/it\/wp-json\/wp\/v2\/media\/9856"}],"wp:attachment":[{"href":"https:\/\/informacionlocal.es\/it\/wp-json\/wp\/v2\/media?parent=9854"}],"wp:term":[{"taxonomy":"category","embeddable":true,"href":"https:\/\/informacionlocal.es\/it\/wp-json\/wp\/v2\/categories?post=9854"},{"taxonomy":"post_tag","embeddable":true,"href":"https:\/\/informacionlocal.es\/it\/wp-json\/wp\/v2\/tags?post=9854"}],"curies":[{"name":"wp","href":"https:\/\/api.w.org\/{rel}","templated":true}]}}