{"id":9842,"date":"2025-08-27T16:58:34","date_gmt":"2025-08-27T15:58:34","guid":{"rendered":"https:\/\/informacionlocal.es\/125-viviendas-publicas-y-nuevas-plazas-de-aparcamiento-asi-responde-la-oliva-a-la-demanda-poblacional-del-municipio\/"},"modified":"2025-08-27T16:58:34","modified_gmt":"2025-08-27T15:58:34","slug":"125-viviendas-publicas-y-nuevas-plazas-de-aparcamiento-asi-responde-la-oliva-a-la-demanda-poblacional-del-municipio","status":"publish","type":"post","link":"https:\/\/informacionlocal.es\/it\/125-viviendas-publicas-y-nuevas-plazas-de-aparcamiento-asi-responde-la-oliva-a-la-demanda-poblacional-del-municipio\/","title":{"rendered":"125 viviendas p\u00fablicas y nuevas plazas de aparcamiento: as\u00ed responde La Oliva a la demanda poblacional del municipio"},"content":{"rendered":"<p>El Ayuntamiento de La Oliva mantiene su compromiso con la demanda del municipio a trav\u00e9s de la construcci\u00f3n de viviendas y plazas de aparcamiento en Corralejo. Este planteamiento pretende dar respuesta a esta necesidad vecinal a cargo el Instituto Canario de Vivienda, busca proporcionar una vivienda asequible y de calidad. El proyecto, que se desarrollar\u00e1 en La Bocaina, contribuir\u00e1 a facilitar alquileres accesibles para las familias del municipio y a estabilizar la econom\u00eda de los hogares. <\/p>\n<p>En paralelo, el Consistorio trabaja en el plan de vivienda social en Panorama Tres Islas. El objetivo es construir un total de 48 viviendas que se basar\u00e1n, a su vez, en el r\u00e9gimen de alquiler social con precios no superiores al 20% del IPREM. El fin \u00faltimo es garantizar la posibilidad de acceso a una vivienda digna a j\u00f3venes y trabajadores con esta necesidad. <\/p>\n<p>Adem\u00e1s del total de 125 viviendas que suman ambos proyectos, cabe destacar el compromiso con la mejora del estacionamiento en la localidad del norte. En este sentido, el Ayuntamiento habilitar\u00e1 dos nuevas zonas de aparcamiento en Corralejo. Una de ellas, junto a la Estaci\u00f3n de Guaguas y otra ubicada en calle Palangre, donde se encontraba antes el CAAF. <\/p>\n<p>El alcalde de La Oliva, Isa\u00ed Blanco, pone de relieve la voluntad por continuar con el trabajo que acerque a la poblaci\u00f3n a una vivienda digna: \u201cSomos conscientes de los precios del alquiler en la Isla. Con estos proyectos damos un primer paso para la mejora de la situaci\u00f3n en el municipio.\u201d<\/p>\n<p>\u201cAmbas iniciativas buscan mejorar la calidad de vida de los vecinos y vecinas del municipio a trav\u00e9s de unos alquileres justos y dignos, adem\u00e1s de una nueva zona de estacionamiento que responda a la demanda ciudadana y palie la actual situaci\u00f3n en la zona.\u201d destac\u00f3 Blanco.<\/p>\n<p>Por su parte, el primer teniente alcalde, Julio Santana, manifiesta: \u201cDesde el grupo de gobierno tenemos un objetivo bien claro, el de hacer de La Oliva un lugar seguro y asequible donde cada familia tengo un techo en el que vivir, y el compromiso con estos proyectos as\u00ed lo demuestra.\u201d <\/p>\n<p>El Ayuntamiento mantiene as\u00ed su compromiso con la ciudadan\u00eda del municipio, trabajando en favor de una vivienda digna y asequible, a la vez que se aumentan las plazas de estacionamiento en Corralejo. El prop\u00f3sito es, en s\u00edntesis, que la comunidad avance a una realidad m\u00e1s justa, equilibrada y en consonancia con la nueva realidad de La Oliva.<\/p>\n","protected":false},"excerpt":{"rendered":"<p><span>El Consistorio responde a las demandas del pueblo costero de forma directa a trav\u00e9s de la cesi\u00f3n de suelo para la construcci\u00f3n de 77 viviendas de alquiler asequible por parte del Instituto Canario de Vivienda (ICAVI), acci\u00f3n que se suma al proyecto de construcci\u00f3n de 48 viviendas m\u00e1s en Panorama Tres Islas y el avance en la licitaci\u00f3n para la creaci\u00f3n de una gran bolsa de aparcamientos en dos solares municipales ubicados en la zona<\/span><\/p>\n","protected":false},"author":1,"featured_media":9844,"comment_status":"open","ping_status":"open","sticky":false,"template":"","format":"standard","meta":{"inline_featured_image":false,"jnews-multi-image_gallery":[],"jnews_single_post":[],"jnews_primary_category":[],"jnews_social_meta":[],"jnews_override_counter":[],"jnews_post_split":[],"footnotes":""},"categories":[62],"tags":[],"class_list":["post-9842","post","type-post","status-publish","format-standard","has-post-thumbnail","hentry","category-la-oliva"],"jetpack_featured_media_url":"https:\/\/informacionlocal.es\/wp-content\/uploads\/2025\/08\/5234_77c9f96a.png","_links":{"self":[{"href":"https:\/\/informacionlocal.es\/it\/wp-json\/wp\/v2\/posts\/9842","targetHints":{"allow":["GET"]}}],"collection":[{"href":"https:\/\/informacionlocal.es\/it\/wp-json\/wp\/v2\/posts"}],"about":[{"href":"https:\/\/informacionlocal.es\/it\/wp-json\/wp\/v2\/types\/post"}],"author":[{"embeddable":true,"href":"https:\/\/informacionlocal.es\/it\/wp-json\/wp\/v2\/users\/1"}],"replies":[{"embeddable":true,"href":"https:\/\/informacionlocal.es\/it\/wp-json\/wp\/v2\/comments?post=9842"}],"version-history":[{"count":0,"href":"https:\/\/informacionlocal.es\/it\/wp-json\/wp\/v2\/posts\/9842\/revisions"}],"wp:featuredmedia":[{"embeddable":true,"href":"https:\/\/informacionlocal.es\/it\/wp-json\/wp\/v2\/media\/9844"}],"wp:attachment":[{"href":"https:\/\/informacionlocal.es\/it\/wp-json\/wp\/v2\/media?parent=9842"}],"wp:term":[{"taxonomy":"category","embeddable":true,"href":"https:\/\/informacionlocal.es\/it\/wp-json\/wp\/v2\/categories?post=9842"},{"taxonomy":"post_tag","embeddable":true,"href":"https:\/\/informacionlocal.es\/it\/wp-json\/wp\/v2\/tags?post=9842"}],"curies":[{"name":"wp","href":"https:\/\/api.w.org\/{rel}","templated":true}]}}