{"id":9788,"date":"2025-08-25T16:59:35","date_gmt":"2025-08-25T15:59:35","guid":{"rendered":"https:\/\/informacionlocal.es\/el-ayuntamiento-de-pajara-celebra-el-exito-de-la-xxxi-semana-cultural-playa-de-la-cebada\/"},"modified":"2025-08-25T16:59:35","modified_gmt":"2025-08-25T15:59:35","slug":"el-ayuntamiento-de-pajara-celebra-el-exito-de-la-xxxi-semana-cultural-playa-de-la-cebada","status":"publish","type":"post","link":"https:\/\/informacionlocal.es\/it\/el-ayuntamiento-de-pajara-celebra-el-exito-de-la-xxxi-semana-cultural-playa-de-la-cebada\/","title":{"rendered":"El Ayuntamiento de P\u00e1jara celebra el \u00e9xito de la XXXI Semana Cultural Playa de la Cebada"},"content":{"rendered":"<div class=\"entry-content\">\n<p><b><i>Vecinos, vecinas y visitantes disfrutaron de una programaci\u00f3n diversa y de calidad para todos los p\u00fablicos\u00a0<\/i><\/b><\/p>\n<p><span>La Concejal\u00eda de Cultura del Ayuntamiento de P\u00e1jara ha realizado una valoraci\u00f3n positiva de la reci\u00e9n finalizada XXXI Semana Cultural Playa de la Cebada, celebrada en Morro Jable.\u00a0<\/span><\/p>\n<p><span>La programaci\u00f3n de esta edici\u00f3n incluy\u00f3 conciertos de artistas de primer nivel, teatro, talleres, actividades deportivas y propuestas familiares que lograron una gran participaci\u00f3n de vecinos, vecinas y visitantes, consolidando la Semana Cultural Playa de la Cebada como una de las citas culturales m\u00e1s importantes de Canarias.<\/span><\/p>\n<p><span>La concejala del \u00e1rea, Raquel Acosta, subraya que \u201cha sido una semana que valoramos de manera muy positiva, tanto por la gran afluencia como por la participaci\u00f3n ciudadana. Desde el principio tuvimos claro que deb\u00eda ser un espacio de diversi\u00f3n, encuentro y comunidad, y as\u00ed lo hemos vivido. La playa y la plaza cada d\u00eda han estado llenas de gente y el ambiente ha sido incre\u00edble\u201d, se\u00f1ala.\u00a0\u00a0<\/span><\/p>\n<p><span>Asimismo, la edil quiso destacar la labor del equipo de Cultural del Ayuntamiento, \u201ccuyo esfuerzo y dedicaci\u00f3n fueron clave en el \u00e9xito de esta edici\u00f3n\u201d, as\u00ed como el apoyo de todos los concejales y del alcalde, en la organizaci\u00f3n y desarrollo del evento.\u00a0<\/span><\/p>\n<p><span>Por su parte, el alcalde de P\u00e1jara, Alejandro Jorge, resaltarla importancia de esta cita para el municipio. \u201cEsta semana cultural ha vuelto a demostrar que P\u00e1jara tiene un enorme potencial cultural, social y tur\u00edstico. La Playa de la Cebada se ha convertido en un lugar de convivencia y de disfrute colectivo\u201d, se\u00f1ala.\u00a0<\/span><\/p>\n<p><span>Desde el Ayuntamiento de P\u00e1jara ya se trabaja en la pr\u00f3xima edici\u00f3n de la Semana Cultural Playa de la Cebada, con el compromiso de seguir fortaleciendo este encuentro como un referente cultural para la isla de Fuerteventura.\u00a0<\/span><\/p>\n<\/div>\n","protected":false},"excerpt":{"rendered":"<p><i>Vecinos, vecinas y visitantes disfrutaron de una programaci\u00f3n diversa y de calidad para todos los p\u00fablicos\u00a0<\/i><\/p>\n","protected":false},"author":1,"featured_media":9790,"comment_status":"open","ping_status":"open","sticky":false,"template":"","format":"standard","meta":{"inline_featured_image":false,"jnews-multi-image_gallery":[],"jnews_single_post":[],"jnews_primary_category":[],"jnews_social_meta":[],"jnews_override_counter":[],"jnews_post_split":[],"footnotes":""},"categories":[63],"tags":[82],"class_list":["post-9788","post","type-post","status-publish","format-standard","has-post-thumbnail","hentry","category-pajara","tag-fuerteventura"],"jetpack_featured_media_url":"https:\/\/informacionlocal.es\/wp-content\/uploads\/2025\/08\/whatsapp-image-2025-08-25-at-13-34-13-scaled-1.jpeg","_links":{"self":[{"href":"https:\/\/informacionlocal.es\/it\/wp-json\/wp\/v2\/posts\/9788","targetHints":{"allow":["GET"]}}],"collection":[{"href":"https:\/\/informacionlocal.es\/it\/wp-json\/wp\/v2\/posts"}],"about":[{"href":"https:\/\/informacionlocal.es\/it\/wp-json\/wp\/v2\/types\/post"}],"author":[{"embeddable":true,"href":"https:\/\/informacionlocal.es\/it\/wp-json\/wp\/v2\/users\/1"}],"replies":[{"embeddable":true,"href":"https:\/\/informacionlocal.es\/it\/wp-json\/wp\/v2\/comments?post=9788"}],"version-history":[{"count":0,"href":"https:\/\/informacionlocal.es\/it\/wp-json\/wp\/v2\/posts\/9788\/revisions"}],"wp:featuredmedia":[{"embeddable":true,"href":"https:\/\/informacionlocal.es\/it\/wp-json\/wp\/v2\/media\/9790"}],"wp:attachment":[{"href":"https:\/\/informacionlocal.es\/it\/wp-json\/wp\/v2\/media?parent=9788"}],"wp:term":[{"taxonomy":"category","embeddable":true,"href":"https:\/\/informacionlocal.es\/it\/wp-json\/wp\/v2\/categories?post=9788"},{"taxonomy":"post_tag","embeddable":true,"href":"https:\/\/informacionlocal.es\/it\/wp-json\/wp\/v2\/tags?post=9788"}],"curies":[{"name":"wp","href":"https:\/\/api.w.org\/{rel}","templated":true}]}}