{"id":9696,"date":"2025-08-21T09:59:07","date_gmt":"2025-08-21T08:59:07","guid":{"rendered":"https:\/\/informacionlocal.es\/el-cabildo-inicia-la-rehabilitacion-sostenible-de-mas-de-211-000-m2-de-paisaje-tradicional-entre-agua-de-bueyes-y-tiscamanita\/"},"modified":"2025-08-21T09:59:07","modified_gmt":"2025-08-21T08:59:07","slug":"el-cabildo-inicia-la-rehabilitacion-sostenible-de-mas-de-211-000-m2-de-paisaje-tradicional-entre-agua-de-bueyes-y-tiscamanita","status":"publish","type":"post","link":"https:\/\/informacionlocal.es\/it\/el-cabildo-inicia-la-rehabilitacion-sostenible-de-mas-de-211-000-m2-de-paisaje-tradicional-entre-agua-de-bueyes-y-tiscamanita\/","title":{"rendered":"El Cabildo inicia la rehabilitaci\u00f3n sostenible de m\u00e1s de 211.000 m2 de paisaje tradicional entre Agua de Bueyes y Tiscamanita"},"content":{"rendered":"<div class=\"entry-content\"><strong>21 agosto, 2025<\/strong><\/p>\n<p><strong><em>El proyecto, que cuenta con un presupuesto de 500.000 euros, se ejecuta a trav\u00e9s de \u2018Fuerteventura, bonita por naturaleza\u2019 y ata\u00f1e a muros de piedra seca y gavias<\/em><\/strong><\/p>\n<p><strong><em>Se trata de una intervenci\u00f3n muy ambiciosa que recuperar\u00e1 la identidad paisaj\u00edstica en un gran espacio emblem\u00e1tico de los municipios de Tuineje y Antigua<\/em><\/strong><\/p>\n<p>El Cabildo de Fuerteventura ha iniciado hoy una<br \/>\nambiciosa intervenci\u00f3n sobre un paisaje tradicional especialmente emblem\u00e1tico<br \/>\npara la isla, como el que constituyen las gavias y muros de piedra seca que se<br \/>\nextienden por m\u00e1s de 211.000 metros cuadrados entre Agua de Bueyes y<br \/>\nTiscamanita. La acci\u00f3n se incluye en el programa \u2018Fuerteventura, bonita por<br \/>\nnaturaleza\u2019 y cuenta con un presupuesto de medio mill\u00f3n de euros.<\/p>\n<p>Los trabajos de adecentamiento y rehabilitaci\u00f3n<br \/>\nsostenible de este paisaje tradicional que se extiende por los municipios de<br \/>\nTuineje y Antigua se prolongar\u00e1n durante seis meses e implicar\u00e1 a varias<br \/>\ncuadrillas especializadas en la recuperaci\u00f3n de muros de piedra seca y en el<br \/>\ndesbroce y rehabilitaci\u00f3n de gavias para cultivo.<\/p>\n<p>La presidenta del Cabildo, Lola Garc\u00eda, se\u00f1ala que \u201cla<br \/>\nrehabilitaci\u00f3n de este paisaje tradicional reafirma el compromiso con la<br \/>\nrecuperaci\u00f3n de la esencia de Fuerteventura, a trav\u00e9s de la puesta en valor y<br \/>\nconservaci\u00f3n de estructuras hist\u00f3ricas, como gavias y muros de piedra seca, que<br \/>\nforman parte de nuestra patrimonio cultural y ambiental\u201d.<\/p>\n<p>El consejero de Obras y Maquinaria, Blas Acosta,<br \/>\nexplica que \u201ccon el programa \u2018Fuerteventura, bonita por naturaleza\u2019 mantenemos<br \/>\nel foco de atenci\u00f3n en los detalles, en las acciones que aportan una mejora<br \/>\nsustancial en la calidad de vida de los majoreros y suponen un plus positivo en<br \/>\nla experiencia de los visitantes\u201d.<\/p>\n<p>El proyecto Adecentamiento y Rehabilitaci\u00f3n<br \/>\nSostenible del Paisaje de Tiscamanita y Agua de Bueyes aborda la restauraci\u00f3n<br \/>\nde gavias, muros de mamposter\u00eda en seco de las mismas y cadenas de piedra seca<br \/>\nen laderas.<\/p>\n<p>Para la rehabilitaci\u00f3n de la zona de cultivo de las<br \/>\ngavias, se proceder\u00e1 al desbroce del interior y a su explanaci\u00f3n por medio del<br \/>\ndesplazamiento de tierras con medios mec\u00e1nicos, traslad\u00e1ndolo desde el interior<br \/>\nde la parcela hacia el exterior para reforzar su dique de tierra o trast\u00f3n.<\/p>\n<p>Para la reposici\u00f3n de los muros de mamposter\u00eda en<br \/>\nseco de las gavias se emplear\u00e1 la misma piedra del lugar y se colocar\u00e1 por<br \/>\nmedios manuales.<\/p>\n<p>Para la rehabilitaci\u00f3n de cadenas (muros de<br \/>\nmamposter\u00eda en seco deteriorados en laderas) tambi\u00e9n se trabajar\u00e1 de forma<br \/>\nmanual y con piedra del entorno.<\/p>\n<p>La amplitud del \u00e1mbito de actuaci\u00f3n (211.799 metros<br \/>\ncuadrados entre Tiscamanita, municipio de Tuineje, y Agua de Bueyes, municipio<br \/>\nde Antigua), su presupuesto de medio mill\u00f3n de euros y su desarrollo a lo largo<br \/>\nde seis meses evidencia la importancia de este proyecto dentro de<br \/>\n\u2018Fuerteventura, bonita por naturaleza\u2019 y de las pol\u00edticas del Cabildo.<\/p>\n<p>El encargo<br \/>\n\u2018Fuerteventura, bonita por naturaleza\u2019 realizado por el departamento que dirige<br \/>\nBlas Acosta a su medio propio Gesti\u00f3n y Planeamiento Territorial y<br \/>\nMedioambiental (Gesplan) contempla actuaciones a largo de 15 meses, entre 2024<br \/>\ny 2025. Durante ambos ejercicios se invertir\u00e1n cuatro millones de euros de<br \/>\nfinanciaci\u00f3n propia en cerca de un centenar de \u201cacciones de cercan\u00eda\u201d que<br \/>\ninciden directamente en la conservaci\u00f3n del entorno natural, en la buena<br \/>\npercepci\u00f3n de los visitantes y en la calidad de vida de los residentes.<\/p>\n<p><strong>Mucho m\u00e1s que un<br \/>\npaisaje<\/strong><\/p>\n<p>Fuerteventura carece de una cubierta vegetal que<br \/>\ndificulte o impida la libre circulaci\u00f3n del agua por las laderas. Adem\u00e1s, sufre<br \/>\nel abandono de las zonas tradicionalmente utilizadas para el cultivo. Por tanto,<br \/>\nresulta de gran inter\u00e9s mantener las ventajas que proporcionan los sistemas de<br \/>\ngavias tradicionales y el sistema de cadenas de cara a conservar la fertilidad<br \/>\nde la tierra.<\/p>\n<p>El sistema de gavias y cadenas de Fuerteventura se<br \/>\ncaracteriza por su bajo consumo energ\u00e9tico y por el uso de tecnolog\u00edas blandas.<br \/>\nEl resultado de este sistema tradicional es eficaz lucha contra la<br \/>\ndesertificaci\u00f3n en medios \u00e1ridos, y un ejemplo de gesti\u00f3n del agua. <\/p>\n<p>Entre sus ventajas, destaca que evitar las p\u00e9rdidas<br \/>\nde suelo, incrementa las reservas de agua propiciando la infiltraci\u00f3n, disminuye<br \/>\nlos riesgos de erosi\u00f3n h\u00eddrica y e\u00f3lica, controla la salinidad de los suelos, sirve<br \/>\ncomo reserva ecol\u00f3gica para especies en peligro de extinci\u00f3n y aporta un<br \/>\nsingular valor tur\u00edstico a trav\u00e9s del paisaje agr\u00edcola tradicional de gavias.<\/p>\n<\/div>\n","protected":false},"excerpt":{"rendered":"<p>21 agosto, 2025 El proyecto, que cuenta con un presupuesto de 500.000 euros, se ejecuta a trav\u00e9s de \u2018Fuerteventura, bonita por naturaleza\u2019 y ata\u00f1e a muros de piedra seca y [&hellip;]<\/p>\n","protected":false},"author":1,"featured_media":9698,"comment_status":"open","ping_status":"open","sticky":false,"template":"","format":"standard","meta":{"inline_featured_image":false,"jnews-multi-image_gallery":[],"jnews_single_post":[],"jnews_primary_category":[],"jnews_social_meta":[],"jnews_override_counter":[],"jnews_post_split":[],"footnotes":""},"categories":[58],"tags":[82,65],"class_list":["post-9696","post","type-post","status-publish","format-standard","has-post-thumbnail","hentry","category-cabildo","tag-fuerteventura","tag-municipios"],"jetpack_featured_media_url":"https:\/\/informacionlocal.es\/wp-content\/uploads\/2025\/08\/1755763694-5c2bad2e43fba3cd5f67fb3461ad57be.jpg","_links":{"self":[{"href":"https:\/\/informacionlocal.es\/it\/wp-json\/wp\/v2\/posts\/9696","targetHints":{"allow":["GET"]}}],"collection":[{"href":"https:\/\/informacionlocal.es\/it\/wp-json\/wp\/v2\/posts"}],"about":[{"href":"https:\/\/informacionlocal.es\/it\/wp-json\/wp\/v2\/types\/post"}],"author":[{"embeddable":true,"href":"https:\/\/informacionlocal.es\/it\/wp-json\/wp\/v2\/users\/1"}],"replies":[{"embeddable":true,"href":"https:\/\/informacionlocal.es\/it\/wp-json\/wp\/v2\/comments?post=9696"}],"version-history":[{"count":0,"href":"https:\/\/informacionlocal.es\/it\/wp-json\/wp\/v2\/posts\/9696\/revisions"}],"wp:featuredmedia":[{"embeddable":true,"href":"https:\/\/informacionlocal.es\/it\/wp-json\/wp\/v2\/media\/9698"}],"wp:attachment":[{"href":"https:\/\/informacionlocal.es\/it\/wp-json\/wp\/v2\/media?parent=9696"}],"wp:term":[{"taxonomy":"category","embeddable":true,"href":"https:\/\/informacionlocal.es\/it\/wp-json\/wp\/v2\/categories?post=9696"},{"taxonomy":"post_tag","embeddable":true,"href":"https:\/\/informacionlocal.es\/it\/wp-json\/wp\/v2\/tags?post=9696"}],"curies":[{"name":"wp","href":"https:\/\/api.w.org\/{rel}","templated":true}]}}