{"id":9684,"date":"2025-08-20T19:58:42","date_gmt":"2025-08-20T18:58:42","guid":{"rendered":"https:\/\/informacionlocal.es\/el-cabildo-de-fuerteventura-continua-trabajando-en-la-ordenacion-de-los-parques-naturales-junto-a-los-ayuntamientos-de-la-isla\/"},"modified":"2025-08-20T19:58:42","modified_gmt":"2025-08-20T18:58:42","slug":"el-cabildo-de-fuerteventura-continua-trabajando-en-la-ordenacion-de-los-parques-naturales-junto-a-los-ayuntamientos-de-la-isla","status":"publish","type":"post","link":"https:\/\/informacionlocal.es\/it\/el-cabildo-de-fuerteventura-continua-trabajando-en-la-ordenacion-de-los-parques-naturales-junto-a-los-ayuntamientos-de-la-isla\/","title":{"rendered":"El Cabildo de Fuerteventura contin\u00faa trabajando en la ordenaci\u00f3n de los parques naturales junto a los ayuntamientos de la Isla"},"content":{"rendered":"<div class=\"entry-content\"><strong>20 agosto, 2025<\/strong><\/p>\n<p>El Cabildo de Fuerteventura se reuni\u00f3 hoy con representantes pol\u00edticos y t\u00e9cnicos de los seis ayuntamientos majoreros para seguir trabajando en la redacci\u00f3n de los documentos de ordenaci\u00f3n de los parques naturales de la Isla.<\/p>\n<p>En el encuentro, al que asistieron la presidenta del Cabildo, Lola Garc\u00eda, la consejera de Ordenaci\u00f3n del Territorio, Nereida Calero, otros consejeros insulares y representantes municipales, se expuso la situaci\u00f3n actual del proceso.<\/p>\n<p>En estos momentos, el Cabildo ha recibido un primer borrador<br \/>\nelaborado por el equipo redactor, que ya ha sido analizado por los t\u00e9cnicos<br \/>\ninsulares y al que se han trasladado una serie de posibles correcciones.<br \/>\nParalelamente, se ha solicitado a los ayuntamientos que tambi\u00e9n estudien con<br \/>\nsus t\u00e9cnicos el documento y presenten aportaciones o correcciones que<br \/>\nconsideren necesarias.<\/p>\n<p>El objetivo es que, de cara al mes de septiembre, todas las<br \/>\npropuestas municipales puedan remitirse al equipo redactor, que valorar\u00e1 su<br \/>\nviabilidad y encaje en el documento definitivo.<\/p>\n<p> La presidenta insular destac\u00f3 que \u201cse trata de un trabajo de coordinaci\u00f3n con todas las administraciones locales para garantizar que el futuro documento de ordenaci\u00f3n recoja la realidad y las necesidades de cada municipio, con un enfoque consensuado y t\u00e9cnico\u201d.<\/p>\n<p> Por su parte, la consejera de Ordenaci\u00f3n del Territorio, Nereida Calero, subray\u00f3 que \u201cla ordenaci\u00f3n de los parques naturales no es solo una cuesti\u00f3n t\u00e9cnica, sino tambi\u00e9n un compromiso con la preservaci\u00f3n de nuestro entorno, y debemos compatibilizar la conservaci\u00f3n con el uso responsable del territorio\u201d<\/p>\n<p> Con este paso, el Cabildo se adelanta a los plazos habituales para que los ayuntamientos dispongan con antelaci\u00f3n de la informaci\u00f3n y puedan trabajar con mayor rigor en sus propuestas.<\/p>\n<\/div>\n","protected":false},"excerpt":{"rendered":"<p>20 agosto, 2025 El Cabildo de Fuerteventura se reuni\u00f3 hoy con representantes pol\u00edticos y t\u00e9cnicos de los seis ayuntamientos majoreros para seguir trabajando en la redacci\u00f3n de los documentos de [&hellip;]<\/p>\n","protected":false},"author":1,"featured_media":9686,"comment_status":"open","ping_status":"open","sticky":false,"template":"","format":"standard","meta":{"inline_featured_image":false,"jnews-multi-image_gallery":[],"jnews_single_post":[],"jnews_primary_category":[],"jnews_social_meta":[],"jnews_override_counter":[],"jnews_post_split":[],"footnotes":""},"categories":[58],"tags":[82],"class_list":["post-9684","post","type-post","status-publish","format-standard","has-post-thumbnail","hentry","category-cabildo","tag-fuerteventura"],"jetpack_featured_media_url":"https:\/\/informacionlocal.es\/wp-content\/uploads\/2025\/08\/whatsapp-image-2025-08-20-at-14-53-09.jpeg","_links":{"self":[{"href":"https:\/\/informacionlocal.es\/it\/wp-json\/wp\/v2\/posts\/9684","targetHints":{"allow":["GET"]}}],"collection":[{"href":"https:\/\/informacionlocal.es\/it\/wp-json\/wp\/v2\/posts"}],"about":[{"href":"https:\/\/informacionlocal.es\/it\/wp-json\/wp\/v2\/types\/post"}],"author":[{"embeddable":true,"href":"https:\/\/informacionlocal.es\/it\/wp-json\/wp\/v2\/users\/1"}],"replies":[{"embeddable":true,"href":"https:\/\/informacionlocal.es\/it\/wp-json\/wp\/v2\/comments?post=9684"}],"version-history":[{"count":0,"href":"https:\/\/informacionlocal.es\/it\/wp-json\/wp\/v2\/posts\/9684\/revisions"}],"wp:featuredmedia":[{"embeddable":true,"href":"https:\/\/informacionlocal.es\/it\/wp-json\/wp\/v2\/media\/9686"}],"wp:attachment":[{"href":"https:\/\/informacionlocal.es\/it\/wp-json\/wp\/v2\/media?parent=9684"}],"wp:term":[{"taxonomy":"category","embeddable":true,"href":"https:\/\/informacionlocal.es\/it\/wp-json\/wp\/v2\/categories?post=9684"},{"taxonomy":"post_tag","embeddable":true,"href":"https:\/\/informacionlocal.es\/it\/wp-json\/wp\/v2\/tags?post=9684"}],"curies":[{"name":"wp","href":"https:\/\/api.w.org\/{rel}","templated":true}]}}