{"id":9672,"date":"2025-08-20T14:58:54","date_gmt":"2025-08-20T13:58:54","guid":{"rendered":"https:\/\/informacionlocal.es\/armando-marco-placeres-logra-hacer-cumbre-en-pakistan\/"},"modified":"2025-08-20T14:58:54","modified_gmt":"2025-08-20T13:58:54","slug":"armando-marco-placeres-logra-hacer-cumbre-en-pakistan","status":"publish","type":"post","link":"https:\/\/informacionlocal.es\/it\/armando-marco-placeres-logra-hacer-cumbre-en-pakistan\/","title":{"rendered":"Armando Marco Placeres logra hacer cumbre en Pakist\u00e1n"},"content":{"rendered":"<div class=\"elementor-widget-container\">\n<p><strong>Armando Marco Placeres logra hacer cumbre en Pakist\u00e1n<\/strong><br \/><strong>El primer alpinista espa\u00f1ol que conquista la cima Golden Peak en el Karakorum es de Antigua<\/strong><\/p>\n<p><strong>\u2022 Armando Marco Placeres despliega la bandera de Antigua en la cima de Pakist\u00e1n con el lema \u2018Antigua, Fuerteventura, Canarias: Escalando el mundo\u2019<\/strong><\/p>\n<p>Emocionados ante la proeza lograda por el vecino de Antigua, armando Marco Placeres Su\u00e1rez que conquista la cima de la monta\u00f1a Golden Peak en Karakorum, en Pakistan, siendo el primer alpinista espa\u00f1ol que consigue superar este reto de alta dificultad, riesgo y en unas circunstancias muy complicadas en el pa\u00eds, se\u00f1ala el alcalde Mat\u00edas Pe\u00f1a Garc\u00eda, que felicita al escalador y le agradece el gesto de desplegar la bandera de su pueblo, Antigua en esta cima del mundo.<\/p>\n<p>Armando Marco Placeres se present\u00f3 en el Ayuntamiento de Antigua solicitando con toda humildad una bandera de su pueblo para poder desplegarla en una de las cimas del mundo, el Golden Peak, recuerda el concejal de Deportes, Samuel Torres, y ahora nos env\u00eda esta impresionante imagen en la cumbre con el comentario personal, \u2018casi me dejo la vida, pero lo logr\u00e9\u2019.<\/p>\n<p>Armando Marco Placeres se convierte en el primer espa\u00f1ol en el mundo y en la historia del Alpinismo de Espa\u00f1a y Pakist\u00e1n, seg\u00fan constan en los registros verificados, en conquistar el Pico de Oro en el coraz\u00f3n del Karakorum con 8.000 metros de altura.<\/p>\n<p>Una proeza \u00e9pica de Mandy y sus dos compa\u00f1eros, Max Kumail y Hussain, del equipo Explore base yk2, informan desde la Federaci\u00f3n Internacional de alpinismo de Pakist\u00e1n, enfrent\u00e1ndose a unas condiciones clim\u00e1ticas muy adversas y de una escalada t\u00e9cnica de alta resistencia y elevada dificultad, abriendo nuevas v\u00edas. La clave del \u00e9xito, a\u00f1aden, ha sido su sabidur\u00eda y templanza.<\/p>\n<p>Sin duda, Felicidades, afirma Samuel Torres, por llegar tan alto y llevarnos a todos a una de las cimas m\u00e1s altas del mundo.<\/p>\n<\/div>\n","protected":false},"excerpt":{"rendered":"<p><strong>Armando Marco Placeres logra hacer cumbre en Pakist\u00e1n<\/strong><\/p>\n","protected":false},"author":1,"featured_media":9674,"comment_status":"open","ping_status":"open","sticky":false,"template":"","format":"standard","meta":{"inline_featured_image":false,"jnews-multi-image_gallery":[],"jnews_single_post":[],"jnews_primary_category":[],"jnews_social_meta":[],"jnews_override_counter":[],"jnews_post_split":[],"footnotes":""},"categories":[59],"tags":[82],"class_list":["post-9672","post","type-post","status-publish","format-standard","has-post-thumbnail","hentry","category-antigua","tag-fuerteventura"],"jetpack_featured_media_url":"https:\/\/informacionlocal.es\/wp-content\/uploads\/2025\/08\/armando-marco-placeres-logra-hacer-cumbre-en-pakistan.jpg","_links":{"self":[{"href":"https:\/\/informacionlocal.es\/it\/wp-json\/wp\/v2\/posts\/9672","targetHints":{"allow":["GET"]}}],"collection":[{"href":"https:\/\/informacionlocal.es\/it\/wp-json\/wp\/v2\/posts"}],"about":[{"href":"https:\/\/informacionlocal.es\/it\/wp-json\/wp\/v2\/types\/post"}],"author":[{"embeddable":true,"href":"https:\/\/informacionlocal.es\/it\/wp-json\/wp\/v2\/users\/1"}],"replies":[{"embeddable":true,"href":"https:\/\/informacionlocal.es\/it\/wp-json\/wp\/v2\/comments?post=9672"}],"version-history":[{"count":0,"href":"https:\/\/informacionlocal.es\/it\/wp-json\/wp\/v2\/posts\/9672\/revisions"}],"wp:featuredmedia":[{"embeddable":true,"href":"https:\/\/informacionlocal.es\/it\/wp-json\/wp\/v2\/media\/9674"}],"wp:attachment":[{"href":"https:\/\/informacionlocal.es\/it\/wp-json\/wp\/v2\/media?parent=9672"}],"wp:term":[{"taxonomy":"category","embeddable":true,"href":"https:\/\/informacionlocal.es\/it\/wp-json\/wp\/v2\/categories?post=9672"},{"taxonomy":"post_tag","embeddable":true,"href":"https:\/\/informacionlocal.es\/it\/wp-json\/wp\/v2\/tags?post=9672"}],"curies":[{"name":"wp","href":"https:\/\/api.w.org\/{rel}","templated":true}]}}