{"id":9660,"date":"2025-08-19T22:02:36","date_gmt":"2025-08-19T21:02:36","guid":{"rendered":"https:\/\/informacionlocal.es\/el-ayuntamiento-de-puerto-del-rosario-reactiva-cuatro-fuentes-ornamentales-tras-su-reparacion-y-acondicionamiento\/"},"modified":"2025-08-19T22:02:36","modified_gmt":"2025-08-19T21:02:36","slug":"el-ayuntamiento-de-puerto-del-rosario-reactiva-cuatro-fuentes-ornamentales-tras-su-reparacion-y-acondicionamiento","status":"publish","type":"post","link":"https:\/\/informacionlocal.es\/it\/el-ayuntamiento-de-puerto-del-rosario-reactiva-cuatro-fuentes-ornamentales-tras-su-reparacion-y-acondicionamiento\/","title":{"rendered":"El Ayuntamiento de Puerto del Rosario reactiva cuatro fuentes ornamentales tras su reparaci\u00f3n y acondicionamiento"},"content":{"rendered":"<div class=\"entry-content\">\n<p>El Ayuntamiento de Puerto del Rosario informa de la puesta en funcionamiento de cuatro fuentes del municipio, tras haberse llevado a cabo trabajos de reparaci\u00f3n y acondicionamiento en cumplimiento de los requerimientos emitidos por la inspectora del \u00e1rea de Salud de Fuerteventura.<\/p>\n<p>Estas actuaciones han tenido como objetivo mejorar el estado de conservaci\u00f3n de estos elementos urbanos, garantizar su correcto funcionamiento y asegurar las condiciones higi\u00e9nico-sanitarias necesarias para su uso.<\/p>\n<p>Las fuentes han sido objeto de labores de limpieza, mejora del sistema hidr\u00e1ulico, tratamiento anti-cal y reparaci\u00f3n de elementos estructurales, lo que ha permitido su reactivaci\u00f3n tras un per\u00edodo de inactividad.<\/p>\n<p>Desde la Concejal\u00eda de Parques y Jardines del Ayuntamiento de Puerto del Rosario se reafirma el compromiso con la mejora del entorno urbano y la puesta en valor de los espacios p\u00fablicos, contribuyendo al bienestar de la ciudadan\u00eda y a una imagen m\u00e1s cuidada de la capital.<\/p>\n<p>El Ayuntamiento agradece la colaboraci\u00f3n ciudadana durante el desarrollo de estas obras e invita a vecinos y visitantes a hacer un uso responsable de estas instalaciones.<\/p>\n<p><strong>\u00a0<\/strong>El alcalde de Puerto del Rosario, <strong>David de Vera<\/strong>, destac\u00f3: <em>\u201cla recuperaci\u00f3n de estas fuentes ornamentales es una muestra m\u00e1s de nuestro esfuerzo por embellecer la ciudad y garantizar que cada rinc\u00f3n del municipio est\u00e9 en condiciones \u00f3ptimas para el disfrute de los vecinos y vecinas. Cuidar del espacio p\u00fablico es cuidar tambi\u00e9n de la calidad de vida de nuestra ciudadan\u00eda.\u201d<\/em><\/p>\n<p>Por su parte, la concejala de Parques y Jardines, <strong>Erica Gonz\u00e1lez<\/strong>, subray\u00f3: <em>\u201ccon esta intervenci\u00f3n no solo recuperamos elementos que forman parte de nuestro paisaje urbano, sino que tambi\u00e9n reforzamos nuestro compromiso con el mantenimiento continuo de los parques y jardines del municipio. Queremos que Puerto del Rosario siga siendo una capital acogedora, limpia y cuidada para todos\u00bb.<\/em><\/p>\n<\/div>\n","protected":false},"excerpt":{"rendered":"<p>El Ayuntamiento de Puerto del Rosario informa de la puesta en funcionamiento de cuatro fuentes del municipio, tras haberse llevado a cabo trabajos de reparaci\u00f3n y acondicionamiento en cumplimiento de [&hellip;]<\/p>\n","protected":false},"author":1,"featured_media":9662,"comment_status":"open","ping_status":"open","sticky":false,"template":"","format":"standard","meta":{"inline_featured_image":false,"jnews-multi-image_gallery":[],"jnews_single_post":[],"jnews_primary_category":[],"jnews_social_meta":[],"jnews_override_counter":[],"jnews_post_split":[],"footnotes":""},"categories":[61],"tags":[82],"class_list":["post-9660","post","type-post","status-publish","format-standard","has-post-thumbnail","hentry","category-puerto-del-rosario","tag-fuerteventura"],"jetpack_featured_media_url":"https:\/\/informacionlocal.es\/wp-content\/uploads\/2025\/08\/fuente-explanada.jpeg","_links":{"self":[{"href":"https:\/\/informacionlocal.es\/it\/wp-json\/wp\/v2\/posts\/9660","targetHints":{"allow":["GET"]}}],"collection":[{"href":"https:\/\/informacionlocal.es\/it\/wp-json\/wp\/v2\/posts"}],"about":[{"href":"https:\/\/informacionlocal.es\/it\/wp-json\/wp\/v2\/types\/post"}],"author":[{"embeddable":true,"href":"https:\/\/informacionlocal.es\/it\/wp-json\/wp\/v2\/users\/1"}],"replies":[{"embeddable":true,"href":"https:\/\/informacionlocal.es\/it\/wp-json\/wp\/v2\/comments?post=9660"}],"version-history":[{"count":0,"href":"https:\/\/informacionlocal.es\/it\/wp-json\/wp\/v2\/posts\/9660\/revisions"}],"wp:featuredmedia":[{"embeddable":true,"href":"https:\/\/informacionlocal.es\/it\/wp-json\/wp\/v2\/media\/9662"}],"wp:attachment":[{"href":"https:\/\/informacionlocal.es\/it\/wp-json\/wp\/v2\/media?parent=9660"}],"wp:term":[{"taxonomy":"category","embeddable":true,"href":"https:\/\/informacionlocal.es\/it\/wp-json\/wp\/v2\/categories?post=9660"},{"taxonomy":"post_tag","embeddable":true,"href":"https:\/\/informacionlocal.es\/it\/wp-json\/wp\/v2\/tags?post=9660"}],"curies":[{"name":"wp","href":"https:\/\/api.w.org\/{rel}","templated":true}]}}