{"id":9648,"date":"2025-08-19T19:00:15","date_gmt":"2025-08-19T18:00:15","guid":{"rendered":"https:\/\/informacionlocal.es\/las-pocetas-celebra-sus-fiestas-en-honor-a-san-francisco-javier\/"},"modified":"2025-08-19T19:00:15","modified_gmt":"2025-08-19T18:00:15","slug":"las-pocetas-celebra-sus-fiestas-en-honor-a-san-francisco-javier","status":"publish","type":"post","link":"https:\/\/informacionlocal.es\/it\/las-pocetas-celebra-sus-fiestas-en-honor-a-san-francisco-javier\/","title":{"rendered":"Las Pocetas celebra sus Fiestas en Honor a San Francisco Javier"},"content":{"rendered":"<div class=\"elementor-widget-container\">\n<p><strong>Las Pocetas celebra sus Fiestas en Honor a San Francisco Javier<\/strong><\/p>\n<p><strong>\u2022 Este jueves 21 a las 20:30 horas tendr\u00e1 lugar el Preg\u00f3n a cargo de D\u00f1a. Auxiliadora Cabrera M\u00e9ndez, con Brindis popular y actuaci\u00f3n de Laly Lean.<\/strong><\/p>\n<p><strong>\u2022 Gente Nueva y N-Klave protagonizan la Verbena desde las 23:00 horas y hasta la madrugada del s\u00e1bado 23, tras celebrar por la tarde, la Romer\u00eda que ser\u00e1 recibida por la parranda La Serena.<\/strong><\/p>\n<p>Las Pocetas celebran sus Fiestas en Honor a San Francisco Javier que dan inicio oficial este jueves 21 de agosto a las 20:30 horas con la lectura del Preg\u00f3n a cargo de Do\u00f1a Auxiliadora Cabrera M\u00e9ndez, un Brindis para todos los asistentes y la actuaci\u00f3n de la popular y din\u00e1mica cantante, Laly Lean.<\/p>\n<p>Las Fiestas de Las Pocetas, organizadas por el Comisi\u00f3n de Fiestas y el Ayuntamiento de Antigua desde la concejal\u00eda de Festejos, se\u00f1ala el concejal Pedro M. Armas, contin\u00faan su programaci\u00f3n el viernes 22 a la fresca de la tarde, con Scala en Hifi presentada por Samantha Cabrera desde las 18:00 horas, seguida de las actuaciones musicales desde las 22:00 horas y hasta la madrugada del grupo Siroko y la solista Flor.<\/p>\n<p>La Romer\u00eda en Honor a San Francisco Javier se celebra el s\u00e1bado 23 desde las 18:00 horas recibida por la Verbena de las fiestas de Las Pocetas con los grupos Gente Nueva y N-Klave, dedicando el domingo por la ma\u00f1ana a los m\u00e1s peque\u00f1os y peque\u00f1as del pueblo con una Fiesta Infantil en la que no faltar\u00e1n colchonetas, ca\u00f1\u00f3n de espuma, y aperitivos infantiles.<\/p>\n<p>Las Pocetas celebra el d\u00eda principal de sus fiestas patronales el mi\u00e9rcoles 27 con la funci\u00f3n religiosa y Procesi\u00f3n en Honor a San Francisco Javier desde las 20:00 horas, acompa\u00f1ado de la agrupaci\u00f3n folkl\u00f3rica del centro de Mayores de Antigua y las parrandas Monte Janana y El Campillo, y concluye el alcalde, Mat\u00edas Pe\u00f1a Garc\u00eda, un broche final perfecto para unas fiestas que, no olvidemos, hay que celebrar con responsabilidad, ofreciendo un Servicio Especial de Taxis durante las mismas, principalmente en las madrugadas.<\/p>\n<\/div>\n","protected":false},"excerpt":{"rendered":"<p><strong>Las Pocetas celebra sus Fiestas en Honor a San Francisco Javier<\/strong><\/p>\n","protected":false},"author":1,"featured_media":9650,"comment_status":"open","ping_status":"open","sticky":false,"template":"","format":"standard","meta":{"inline_featured_image":false,"jnews-multi-image_gallery":[],"jnews_single_post":[],"jnews_primary_category":[],"jnews_social_meta":[],"jnews_override_counter":[],"jnews_post_split":[],"footnotes":""},"categories":[59],"tags":[],"class_list":["post-9648","post","type-post","status-publish","format-standard","has-post-thumbnail","hentry","category-antigua"],"jetpack_featured_media_url":"https:\/\/informacionlocal.es\/wp-content\/uploads\/2025\/08\/imagen-de-whatsapp-2025-08-11-a-las-10-47-07_9fdbfdf4.jpg","_links":{"self":[{"href":"https:\/\/informacionlocal.es\/it\/wp-json\/wp\/v2\/posts\/9648","targetHints":{"allow":["GET"]}}],"collection":[{"href":"https:\/\/informacionlocal.es\/it\/wp-json\/wp\/v2\/posts"}],"about":[{"href":"https:\/\/informacionlocal.es\/it\/wp-json\/wp\/v2\/types\/post"}],"author":[{"embeddable":true,"href":"https:\/\/informacionlocal.es\/it\/wp-json\/wp\/v2\/users\/1"}],"replies":[{"embeddable":true,"href":"https:\/\/informacionlocal.es\/it\/wp-json\/wp\/v2\/comments?post=9648"}],"version-history":[{"count":0,"href":"https:\/\/informacionlocal.es\/it\/wp-json\/wp\/v2\/posts\/9648\/revisions"}],"wp:featuredmedia":[{"embeddable":true,"href":"https:\/\/informacionlocal.es\/it\/wp-json\/wp\/v2\/media\/9650"}],"wp:attachment":[{"href":"https:\/\/informacionlocal.es\/it\/wp-json\/wp\/v2\/media?parent=9648"}],"wp:term":[{"taxonomy":"category","embeddable":true,"href":"https:\/\/informacionlocal.es\/it\/wp-json\/wp\/v2\/categories?post=9648"},{"taxonomy":"post_tag","embeddable":true,"href":"https:\/\/informacionlocal.es\/it\/wp-json\/wp\/v2\/tags?post=9648"}],"curies":[{"name":"wp","href":"https:\/\/api.w.org\/{rel}","templated":true}]}}