{"id":962,"date":"2025-04-14T07:02:56","date_gmt":"2025-04-14T07:02:56","guid":{"rendered":"https:\/\/informacionlocal.es\/taglio-dellaccesso-allavenida-de-la-constitucion-a-gran-tarajal-a-causa-di-lavori-di-costruzione\/"},"modified":"2025-04-14T10:14:57","modified_gmt":"2025-04-14T10:14:57","slug":"taglio-dellaccesso-allavenida-de-la-constitucion-a-gran-tarajal-a-causa-di-lavori-di-costruzione","status":"publish","type":"post","link":"https:\/\/informacionlocal.es\/it\/taglio-dellaccesso-allavenida-de-la-constitucion-a-gran-tarajal-a-causa-di-lavori-di-costruzione\/","title":{"rendered":"Taglio dell&#8217;accesso all&#8217;Avenida de la Constituci\u00f3n a Gran Tarajal a causa di lavori di costruzione"},"content":{"rendered":"<div class=\"article-content-inner\">\n<p>Il Comune di Tuineje informa la popolazione della chiusura temporanea dell&#8217;accesso all&#8217;Avenida de la Constituci\u00f3n da Calle Manuel Vel\u00e1zquez Cabrera, nel comune di Gran Tarajal, a causa di lavori di miglioramento e riparazione di un tombino nella zona.<\/p>\n<p>I lavori sono iniziati durante il periodo pasquale, con l&#8217;obiettivo di ridurre al minimo i disagi per il traffico e i residenti, sfruttando il minor numero di veicoli in questo periodo dell&#8217;anno. La riapertura della strada \u00e8 prevista nei prossimi giorni, una volta terminati i lavori.<\/p>\n<p>L&#8217;assessore ai Lavori e Servizi, Miguel And\u00fajar, ha spiegato che &#8220;procederemo alla riparazione di un tombino in cattive condizioni, con l&#8217;obiettivo di garantire un corretto drenaggio e migliorare la sicurezza dei veicoli sulle strade pubbliche&#8221;. Continuiamo a lavorare per mantenere le nostre infrastrutture in condizioni ottimali&#8221;.<\/p>\n<p>Da parte sua, la sindaca di Tuineje, Candelaria Umpi\u00e9rrez, ha sottolineato che &#8220;il Comune continua a lavorare per migliorare le infrastrutture urbane delle nostre citt\u00e0, dando priorit\u00e0 alla sicurezza e al benessere dei nostri vicini&#8221;.<\/p>\n<p>Il Concistoro ringrazia i cittadini per la loro comprensione e li invita a seguire la segnaletica provvisoria messa in atto durante i lavori.<\/p>\n<\/div>\n","protected":false},"excerpt":{"rendered":"<p>Il Comune di Tuineje informa la popolazione della chiusura temporanea dell&#8217;accesso all&#8217;Avenida de la Constituci\u00f3n da Calle Manuel Vel\u00e1zquez Cabrera, nel comune di Gran Tarajal, a causa di lavori di [&hellip;]<\/p>\n","protected":false},"author":1,"featured_media":873,"comment_status":"open","ping_status":"open","sticky":false,"template":"","format":"standard","meta":{"inline_featured_image":false,"jnews-multi-image_gallery":[],"jnews_single_post":[],"jnews_primary_category":[],"jnews_social_meta":[],"jnews_override_counter":[],"jnews_post_split":[],"footnotes":""},"categories":[301],"tags":[205,202,206,203,204],"class_list":["post-962","post","type-post","status-publish","format-standard","has-post-thumbnail","hentry","category-tuineje-it","tag-ambiente","tag-comuni","tag-opere-e-servizi","tag-servizi-pubblici","tag-trasporto"],"jetpack_featured_media_url":"https:\/\/informacionlocal.es\/wp-content\/uploads\/2025\/04\/obras.jpeg","_links":{"self":[{"href":"https:\/\/informacionlocal.es\/it\/wp-json\/wp\/v2\/posts\/962","targetHints":{"allow":["GET"]}}],"collection":[{"href":"https:\/\/informacionlocal.es\/it\/wp-json\/wp\/v2\/posts"}],"about":[{"href":"https:\/\/informacionlocal.es\/it\/wp-json\/wp\/v2\/types\/post"}],"author":[{"embeddable":true,"href":"https:\/\/informacionlocal.es\/it\/wp-json\/wp\/v2\/users\/1"}],"replies":[{"embeddable":true,"href":"https:\/\/informacionlocal.es\/it\/wp-json\/wp\/v2\/comments?post=962"}],"version-history":[{"count":1,"href":"https:\/\/informacionlocal.es\/it\/wp-json\/wp\/v2\/posts\/962\/revisions"}],"predecessor-version":[{"id":1744,"href":"https:\/\/informacionlocal.es\/it\/wp-json\/wp\/v2\/posts\/962\/revisions\/1744"}],"wp:featuredmedia":[{"embeddable":true,"href":"https:\/\/informacionlocal.es\/it\/wp-json\/wp\/v2\/media\/873"}],"wp:attachment":[{"href":"https:\/\/informacionlocal.es\/it\/wp-json\/wp\/v2\/media?parent=962"}],"wp:term":[{"taxonomy":"category","embeddable":true,"href":"https:\/\/informacionlocal.es\/it\/wp-json\/wp\/v2\/categories?post=962"},{"taxonomy":"post_tag","embeddable":true,"href":"https:\/\/informacionlocal.es\/it\/wp-json\/wp\/v2\/tags?post=962"}],"curies":[{"name":"wp","href":"https:\/\/api.w.org\/{rel}","templated":true}]}}