{"id":9612,"date":"2025-08-18T18:03:29","date_gmt":"2025-08-18T17:03:29","guid":{"rendered":"https:\/\/informacionlocal.es\/verano-en-un-campamento-que-instaura-en-puerto-del-rosario-el-ocio-de-ninos-ninas-y-adolescentes-con-diversidad-funcional\/"},"modified":"2025-08-18T18:03:29","modified_gmt":"2025-08-18T17:03:29","slug":"verano-en-un-campamento-que-instaura-en-puerto-del-rosario-el-ocio-de-ninos-ninas-y-adolescentes-con-diversidad-funcional","status":"publish","type":"post","link":"https:\/\/informacionlocal.es\/it\/verano-en-un-campamento-que-instaura-en-puerto-del-rosario-el-ocio-de-ninos-ninas-y-adolescentes-con-diversidad-funcional\/","title":{"rendered":"\u201cVerano en +\u201d, un campamento que instaura en Puerto del Rosario el ocio de ni\u00f1os, ni\u00f1as y adolescentes con diversidad funcional."},"content":{"rendered":"<div class=\"entry-content\">\n<div class data-block=\"true\" data-editor=\"8ul50\" data-offset-key=\"l84q-0-0\">\n<div class=\"_1mf _1mj\" data-offset-key=\"l84q-0-0\"><span data-offset-key=\"l84q-0-0\">\u201cVerano en +\u201d, un campamento que instaura en Puerto del Rosario el ocio de ni\u00f1os, ni\u00f1as y adolescentes con diversidad funcional.<\/span><\/div>\n<\/div>\n<div class data-block=\"true\" data-editor=\"8ul50\" data-offset-key=\"at1kn-0-0\">\n<div class=\"_1mf _1mj\" data-offset-key=\"at1kn-0-0\"><span data-offset-key=\"at1kn-0-0\">Desde el 14 de julio se viene desarrollando en las dependencias del Centro de Educaci\u00f3n Especial este campamento enfocado en el ocio y disfrute de ni\u00f1os, ni\u00f1as y adolescentes con diversidad funcional y que permita adem\u00e1s la conciliaci\u00f3n familiar. En este sentido se ha podido generar un espacio de diversi\u00f3n con profesionales cualificados y multidisciplinares para cubrir las necesidades del alumnado.<\/span><\/div>\n<\/div>\n<div class data-block=\"true\" data-editor=\"8ul50\" data-offset-key=\"4283k-0-0\">\n<div class=\"_1mf _1mj\" data-offset-key=\"4283k-0-0\"><span data-offset-key=\"4283k-0-0\">En este sentido la corporaci\u00f3n agradece al centro su disponibilidad y cesi\u00f3n de las instalaciones as\u00ed como al grupo de ni\u00f1os, ni\u00f1as y adolescentes de la Ciudad Amiga de la Infancia de Puerto del Rosario (CAI) por alzar sus voces y demandar este campamento en el anterior pleno del Consejo de la Infancia y Adolescencia reivindicando la oportunidad de cualquier ni\u00f1o, ni\u00f1a y adolescente de este municipio a disfrutar sin distinci\u00f3n alguna de sus caracter\u00edsticas.<\/span><\/div>\n<\/div>\n<div class data-block=\"true\" data-editor=\"8ul50\" data-offset-key=\"3kkv-0-0\">\n<div class=\"_1mf _1mj\" data-offset-key=\"3kkv-0-0\"><span data-offset-key=\"3kkv-0-0\">Por \u00faltimo recalcar que esta iniciativa se enmarca dentro de la gesti\u00f3n de una dotaci\u00f3n econ\u00f3mica anual en la que este grupo de ni\u00f1os, ni\u00f1as y adolescentes de la Ciudad Amiga de la Infancia decide en que invertir dicho importe, siempre enfocado en mejoras para la infancia y adolescencia. <\/span><\/div>\n<\/div>\n<\/div>\n","protected":false},"excerpt":{"rendered":"<p>\u201cVerano en +\u201d, un campamento que instaura en Puerto del Rosario el ocio de ni\u00f1os, ni\u00f1as y adolescentes con diversidad funcional. Desde el 14 de julio se viene desarrollando en [&hellip;]<\/p>\n","protected":false},"author":1,"featured_media":9614,"comment_status":"open","ping_status":"open","sticky":false,"template":"","format":"standard","meta":{"inline_featured_image":false,"jnews-multi-image_gallery":[],"jnews_single_post":[],"jnews_primary_category":[],"jnews_social_meta":[],"jnews_override_counter":[],"jnews_post_split":[],"footnotes":""},"categories":[61],"tags":[73],"class_list":["post-9612","post","type-post","status-publish","format-standard","has-post-thumbnail","hentry","category-puerto-del-rosario","tag-educacion"],"jetpack_featured_media_url":"https:\/\/informacionlocal.es\/wp-content\/uploads\/2025\/08\/cai-logo-sobre-foto.png","_links":{"self":[{"href":"https:\/\/informacionlocal.es\/it\/wp-json\/wp\/v2\/posts\/9612","targetHints":{"allow":["GET"]}}],"collection":[{"href":"https:\/\/informacionlocal.es\/it\/wp-json\/wp\/v2\/posts"}],"about":[{"href":"https:\/\/informacionlocal.es\/it\/wp-json\/wp\/v2\/types\/post"}],"author":[{"embeddable":true,"href":"https:\/\/informacionlocal.es\/it\/wp-json\/wp\/v2\/users\/1"}],"replies":[{"embeddable":true,"href":"https:\/\/informacionlocal.es\/it\/wp-json\/wp\/v2\/comments?post=9612"}],"version-history":[{"count":0,"href":"https:\/\/informacionlocal.es\/it\/wp-json\/wp\/v2\/posts\/9612\/revisions"}],"wp:featuredmedia":[{"embeddable":true,"href":"https:\/\/informacionlocal.es\/it\/wp-json\/wp\/v2\/media\/9614"}],"wp:attachment":[{"href":"https:\/\/informacionlocal.es\/it\/wp-json\/wp\/v2\/media?parent=9612"}],"wp:term":[{"taxonomy":"category","embeddable":true,"href":"https:\/\/informacionlocal.es\/it\/wp-json\/wp\/v2\/categories?post=9612"},{"taxonomy":"post_tag","embeddable":true,"href":"https:\/\/informacionlocal.es\/it\/wp-json\/wp\/v2\/tags?post=9612"}],"curies":[{"name":"wp","href":"https:\/\/api.w.org\/{rel}","templated":true}]}}