{"id":9600,"date":"2025-08-18T11:58:22","date_gmt":"2025-08-18T10:58:22","guid":{"rendered":"https:\/\/informacionlocal.es\/cabildo-y-asofuer-impulsan-el-proyecto-foros-de-economia-emprendimiento-y-empleo-en-fuerteventura\/"},"modified":"2025-08-18T11:58:22","modified_gmt":"2025-08-18T10:58:22","slug":"cabildo-y-asofuer-impulsan-el-proyecto-foros-de-economia-emprendimiento-y-empleo-en-fuerteventura","status":"publish","type":"post","link":"https:\/\/informacionlocal.es\/it\/cabildo-y-asofuer-impulsan-el-proyecto-foros-de-economia-emprendimiento-y-empleo-en-fuerteventura\/","title":{"rendered":"Cabildo y ASOFUER impulsan el proyecto \u2018Foros de Econom\u00eda, Emprendimiento y Empleo en Fuerteventura\u2019"},"content":{"rendered":"<div class=\"entry-content\"><strong>18 agosto, 2025<\/strong><\/p>\n<p><strong><em>La iniciativa, cofinanciada por el Gobierno de Canarias a trav\u00e9s del<br \/>\nFDCAN, promover\u00e1 el emprendimiento, la innovaci\u00f3n y la creaci\u00f3n de empleo en la<br \/>\nisla.<\/em><\/strong><\/p>\n<p>El Cabildo de Fuerteventura ha suscrito un<br \/>\nconvenio de colaboraci\u00f3n con la Asociaci\u00f3n de Empresarios Tur\u00edsticos de<br \/>\nFuerteventura (ASOFUER) para desarrollar, conjuntamente, el proyecto \u2018Foros de<br \/>\nEconom\u00eda, Emprendimiento y Empleo en Fuerteventura\u2019. Esta iniciativa cuenta con<br \/>\nla cofinanciaci\u00f3n del Gobierno de Canarias, enmarcada dentro del Fondo de<br \/>\nDesarrollo de Canarias (FDCAN). <\/p>\n<p>El convenio ha sido firmado por la consejera<br \/>\nde Promoci\u00f3n Econ\u00f3mica y Fomento del Empleo, Nuria Cabrera, y el presidente de<br \/>\nASOFUER, Antonio Hormiga. El proyecto consta de cuatro foros especializados<br \/>\ndirigidos a emprendedores, profesionales, estudiantes, inversores y organismos<br \/>\np\u00fablicos, con el objetivo principal de crear un espacio de di\u00e1logo, formaci\u00f3n e<br \/>\nintercambio de experiencias que fortalezcan el ecosistema econ\u00f3mico local.<\/p>\n<p>Entre los objetivos fundamentales destacan la<br \/>\npromoci\u00f3n del emprendimiento y la innovaci\u00f3n, haciendo \u00e9nfasis en sectores<br \/>\nestrat\u00e9gicos como el turismo sostenible, la digitalizaci\u00f3n y la econom\u00eda<br \/>\ncreativa. Adem\u00e1s, se ofrecer\u00e1n recursos formativos pr\u00e1cticos para<br \/>\nemprendedores, as\u00ed como informaci\u00f3n clave sobre incentivos fiscales,<br \/>\nsubvenciones, programas de apoyo financiero como el REF y el Instituto de<br \/>\nCr\u00e9dito Oficial (ICO), y el Fondo Europeo de Desarrollo Regional (FEDER).<\/p>\n<p>La consejera insular, Nuria Cabrera, ha<br \/>\ndestacado \u201cla apuesta firme por impulsar esta acci\u00f3n, cuyo fin encaja<br \/>\nperfectamente con el marco estrat\u00e9gico del Cabildo\u201d. Tanto Nuria Cabrera como<br \/>\nAntonio Hormiga, han puesto en valor la celebraci\u00f3n de este tipo de foros, que<br \/>\nbuscan atraer inversi\u00f3n externa y talento cualificado, posicionando a<br \/>\nFuerteventura como un polo de desarrollo econ\u00f3mico dentro de Canarias. Adem\u00e1s,<br \/>\nse pretende diversificar la econom\u00eda local, reduciendo la dependencia del<br \/>\nturismo tradicional y potenciando nuevos nichos como la tecnolog\u00eda, la energ\u00eda<br \/>\nrenovable y la econom\u00eda azul.<\/p>\n<p>En cuanto al empleo, la iniciativa facilitar\u00e1<br \/>\nla conexi\u00f3n entre empresas y talento local, ofreciendo formaci\u00f3n espec\u00edfica en<br \/>\nlegislaci\u00f3n laboral, digitalizaci\u00f3n del empleo y adaptaci\u00f3n a las nuevas<br \/>\ntendencias del mercado. Asimismo, se analizar\u00e1n y divulgar\u00e1n modelos de negocio<br \/>\nsostenibles y casos de \u00e9xito locales, inspirando a futuros emprendedores y<br \/>\npromoviendo un ecosistema innovador y colaborativo en Fuerteventura.<\/p>\n<\/div>\n","protected":false},"excerpt":{"rendered":"<p>18 agosto, 2025 La iniciativa, cofinanciada por el Gobierno de Canarias a trav\u00e9s del FDCAN, promover\u00e1 el emprendimiento, la innovaci\u00f3n y la creaci\u00f3n de empleo en la isla. El Cabildo [&hellip;]<\/p>\n","protected":false},"author":1,"featured_media":9602,"comment_status":"open","ping_status":"open","sticky":false,"template":"","format":"standard","meta":{"inline_featured_image":false,"jnews-multi-image_gallery":[],"jnews_single_post":[],"jnews_primary_category":[],"jnews_social_meta":[],"jnews_override_counter":[],"jnews_post_split":[],"footnotes":""},"categories":[58],"tags":[82],"class_list":["post-9600","post","type-post","status-publish","format-standard","has-post-thumbnail","hentry","category-cabildo","tag-fuerteventura"],"jetpack_featured_media_url":"https:\/\/informacionlocal.es\/wp-content\/uploads\/2025\/08\/1755505141-4a44b1591387a54ee0ff1f01bfcea2cf.jpg","_links":{"self":[{"href":"https:\/\/informacionlocal.es\/it\/wp-json\/wp\/v2\/posts\/9600","targetHints":{"allow":["GET"]}}],"collection":[{"href":"https:\/\/informacionlocal.es\/it\/wp-json\/wp\/v2\/posts"}],"about":[{"href":"https:\/\/informacionlocal.es\/it\/wp-json\/wp\/v2\/types\/post"}],"author":[{"embeddable":true,"href":"https:\/\/informacionlocal.es\/it\/wp-json\/wp\/v2\/users\/1"}],"replies":[{"embeddable":true,"href":"https:\/\/informacionlocal.es\/it\/wp-json\/wp\/v2\/comments?post=9600"}],"version-history":[{"count":0,"href":"https:\/\/informacionlocal.es\/it\/wp-json\/wp\/v2\/posts\/9600\/revisions"}],"wp:featuredmedia":[{"embeddable":true,"href":"https:\/\/informacionlocal.es\/it\/wp-json\/wp\/v2\/media\/9602"}],"wp:attachment":[{"href":"https:\/\/informacionlocal.es\/it\/wp-json\/wp\/v2\/media?parent=9600"}],"wp:term":[{"taxonomy":"category","embeddable":true,"href":"https:\/\/informacionlocal.es\/it\/wp-json\/wp\/v2\/categories?post=9600"},{"taxonomy":"post_tag","embeddable":true,"href":"https:\/\/informacionlocal.es\/it\/wp-json\/wp\/v2\/tags?post=9600"}],"curies":[{"name":"wp","href":"https:\/\/api.w.org\/{rel}","templated":true}]}}