{"id":9578,"date":"2025-08-14T19:58:48","date_gmt":"2025-08-14T18:58:48","guid":{"rendered":"https:\/\/informacionlocal.es\/antigua-mejora-la-accesibilidad-de-entrada-al-consistorio-municipal\/"},"modified":"2025-08-14T19:58:48","modified_gmt":"2025-08-14T18:58:48","slug":"antigua-mejora-la-accesibilidad-de-entrada-al-consistorio-municipal","status":"publish","type":"post","link":"https:\/\/informacionlocal.es\/it\/antigua-mejora-la-accesibilidad-de-entrada-al-consistorio-municipal\/","title":{"rendered":"Antigua mejora la accesibilidad de entrada al Consistorio Municipal"},"content":{"rendered":"<div class=\"elementor-widget-container\">\n<p><strong>Antigua mejora la accesibilidad de entrada al Consistorio Municipal<\/strong><\/p>\n<p><strong>\u2022 La plaza del Ayuntamiento de Antigua acondicionada como zona de aparcamiento p\u00fablico, aumenta y acondiciona a dos, las plazas reservadas a personas con movilidad reducida.<\/strong><\/p>\n<p>Habilitadas dos plazas de aparcamiento para personas con movilidad reducida en la plaza del Ayuntamiento de Antigua junto a la amplia entrada del Consistorio Municipal con acceso directo a los ascensores de las diferentes plantas de la Administraci\u00f3n.<\/p>\n<p>El concejal de Accesibilidad, Giuseppe Signorino ha recordado que tambi\u00e9n se est\u00e1 trabajando en disponer una rampa de acceso que evite las actuales escaleras de acceso a la plaza del Ayuntamiento de Antigua desde la calle San Francisco, donde se encuentra Correos.<\/p>\n<p>Eliminar progresivamente las barreras urban\u00edsticas es un prop\u00f3sito claro de esta concejal\u00eda, as\u00ed como acondicionar y asegurar que en todas las zonas de aparcamiento de cada vial de cada localidad, se dispongan varias plazas reservadas a aquellas personas que las precisan por tener una movilidad reducida, a\u00f1ade Signorino.<\/p>\n<p>El equipo de operarios de la concejal\u00eda de Tr\u00e1fico que dirige el concejal Samuel Torres, trabaja en la se\u00f1alizaci\u00f3n y acondicionamiento de nuevas zonas de plazas de aparcamiento reservadas para personas con movilidad reducida, en coordinaci\u00f3n con la concejal\u00eda de Accesibilidad, adem\u00e1s del servicio diario de reposici\u00f3n de se\u00f1ales de tr\u00e1fico deterioradas en los pueblos, instalaci\u00f3n de espejos en cruces que se precisen, as\u00ed como repaso de l\u00edneas, pasos de peatones, stops o ceda al paso especialmente en aquellas zonas con mayor tr\u00e1nsito de vecinos y vecinas, explica el alcalde, Mat\u00edas Pe\u00f1a.<\/p>\n<\/div>\n","protected":false},"excerpt":{"rendered":"<p><strong>Antigua mejora la accesibilidad de entrada al Consistorio Municipal<\/strong><\/p>\n","protected":false},"author":1,"featured_media":9580,"comment_status":"open","ping_status":"open","sticky":false,"template":"","format":"standard","meta":{"inline_featured_image":false,"jnews-multi-image_gallery":[],"jnews_single_post":[],"jnews_primary_category":[],"jnews_social_meta":[],"jnews_override_counter":[],"jnews_post_split":[],"footnotes":""},"categories":[59],"tags":[],"class_list":["post-9578","post","type-post","status-publish","format-standard","has-post-thumbnail","hentry","category-antigua"],"jetpack_featured_media_url":"https:\/\/informacionlocal.es\/wp-content\/uploads\/2025\/08\/mejora-la-accesibilidad-en-la-entrada-del-consistorio-municipal-de-antigua-3-scaled-1.jpg","_links":{"self":[{"href":"https:\/\/informacionlocal.es\/it\/wp-json\/wp\/v2\/posts\/9578","targetHints":{"allow":["GET"]}}],"collection":[{"href":"https:\/\/informacionlocal.es\/it\/wp-json\/wp\/v2\/posts"}],"about":[{"href":"https:\/\/informacionlocal.es\/it\/wp-json\/wp\/v2\/types\/post"}],"author":[{"embeddable":true,"href":"https:\/\/informacionlocal.es\/it\/wp-json\/wp\/v2\/users\/1"}],"replies":[{"embeddable":true,"href":"https:\/\/informacionlocal.es\/it\/wp-json\/wp\/v2\/comments?post=9578"}],"version-history":[{"count":0,"href":"https:\/\/informacionlocal.es\/it\/wp-json\/wp\/v2\/posts\/9578\/revisions"}],"wp:featuredmedia":[{"embeddable":true,"href":"https:\/\/informacionlocal.es\/it\/wp-json\/wp\/v2\/media\/9580"}],"wp:attachment":[{"href":"https:\/\/informacionlocal.es\/it\/wp-json\/wp\/v2\/media?parent=9578"}],"wp:term":[{"taxonomy":"category","embeddable":true,"href":"https:\/\/informacionlocal.es\/it\/wp-json\/wp\/v2\/categories?post=9578"},{"taxonomy":"post_tag","embeddable":true,"href":"https:\/\/informacionlocal.es\/it\/wp-json\/wp\/v2\/tags?post=9578"}],"curies":[{"name":"wp","href":"https:\/\/api.w.org\/{rel}","templated":true}]}}