{"id":9554,"date":"2025-08-14T11:01:27","date_gmt":"2025-08-14T10:01:27","guid":{"rendered":"https:\/\/informacionlocal.es\/el-palacio-de-formacion-y-congresos-de-fuerteventura-recibe-a-braulio-el-cantautor-mas-internacional-de-canarias\/"},"modified":"2025-08-14T11:01:27","modified_gmt":"2025-08-14T10:01:27","slug":"el-palacio-de-formacion-y-congresos-de-fuerteventura-recibe-a-braulio-el-cantautor-mas-internacional-de-canarias","status":"publish","type":"post","link":"https:\/\/informacionlocal.es\/it\/el-palacio-de-formacion-y-congresos-de-fuerteventura-recibe-a-braulio-el-cantautor-mas-internacional-de-canarias\/","title":{"rendered":"\ufeffEl Palacio de Formaci\u00f3n y Congresos de Fuerteventura recibe a Braulio, el cantautor m\u00e1s internacional de Canarias"},"content":{"rendered":"<div class=\"entry-content\"><strong>14 agosto, 2025<\/strong><\/p>\n<p><strong><em>El cantautor aterriza en Fuerteventura para celebrar sus 80 a\u00f1os de vida y m\u00e1s de medio siglo de trayectoria art\u00edstica<\/em><\/strong><em>\u00a0<strong>con un concierto \u00fanico, emotivo e irrepetible<\/strong><\/em><\/p>\n<p>Con una carrera art\u00edstica iniciada en 1973, el cantautor canario Braulio interpreta, el pr\u00f3ximo 13 de septiembre a las 21.00 horas, \u201cBraulio. 8 D\u00e9cadas\u201d, un espect\u00e1culo producido por Camino Viejo Producciones, con m\u00fasica en vivo, una puesta en escena de alto nivel y un repertorio que recorre sus temas m\u00e1s reconocidos.\u00a0<\/p>\n<p>Con este concierto el artista busca emocionar, cantar y recordar, pero tambi\u00e9n conectar a distintas generaciones de p\u00fablico en torno a la m\u00fasica y las historias que solo \u00e9l sabe contar como nadie.<\/p>\n<p>Adem\u00e1s, el acto pretende poner en valor el v\u00ednculo entre la m\u00fasica y la cultura canaria para inspirar a nuevos talentos y proyectar la riqueza art\u00edstica del Archipi\u00e9lago m\u00e1s all\u00e1 de nuestras fronteras.<\/p>\n<p>El int\u00e9rprete, nacido en Santa Mar\u00eda de Gu\u00eda, en Gran Canaria, es hijo predilecto de su isla y orgullo del Archipi\u00e9lago. Cuenta con una trayectoria marcada por \u00e9xitos, Discos de Oro y Platino, nominaciones a los Grammy y colaboraciones con artistas de la talla de Alfredo Kraus, Los Sabande\u00f1os, Dyango o Cheo Feliciano.<\/p>\n<p>Las entradas para el concierto se pueden adquirir gratuitamente a trav\u00e9s de\u00a0culturafuerteventura.es, con una fianza de 10 euros.<\/p>\n<p>El evento ha sido organizado por el Instituto Canario de Desarrollo Cultural del Gobierno de Canarias junto al Palacio de Formaci\u00f3n de Congresos de la Consejer\u00eda de Cultura del Cabildo de Fuerteventura.<\/p>\n<\/div>\n","protected":false},"excerpt":{"rendered":"<p>14 agosto, 2025 El cantautor aterriza en Fuerteventura para celebrar sus 80 a\u00f1os de vida y m\u00e1s de medio siglo de trayectoria art\u00edstica\u00a0con un concierto \u00fanico, emotivo e irrepetible Con [&hellip;]<\/p>\n","protected":false},"author":1,"featured_media":9556,"comment_status":"open","ping_status":"open","sticky":false,"template":"","format":"standard","meta":{"inline_featured_image":false,"jnews-multi-image_gallery":[],"jnews_single_post":[],"jnews_primary_category":[],"jnews_social_meta":[],"jnews_override_counter":[],"jnews_post_split":[],"footnotes":""},"categories":[58],"tags":[],"class_list":["post-9554","post","type-post","status-publish","format-standard","has-post-thumbnail","hentry","category-cabildo"],"jetpack_featured_media_url":"https:\/\/informacionlocal.es\/wp-content\/uploads\/2025\/08\/1755155579-ef627fdc27823aed31fcb8e43b7f6240.jpg","_links":{"self":[{"href":"https:\/\/informacionlocal.es\/it\/wp-json\/wp\/v2\/posts\/9554","targetHints":{"allow":["GET"]}}],"collection":[{"href":"https:\/\/informacionlocal.es\/it\/wp-json\/wp\/v2\/posts"}],"about":[{"href":"https:\/\/informacionlocal.es\/it\/wp-json\/wp\/v2\/types\/post"}],"author":[{"embeddable":true,"href":"https:\/\/informacionlocal.es\/it\/wp-json\/wp\/v2\/users\/1"}],"replies":[{"embeddable":true,"href":"https:\/\/informacionlocal.es\/it\/wp-json\/wp\/v2\/comments?post=9554"}],"version-history":[{"count":0,"href":"https:\/\/informacionlocal.es\/it\/wp-json\/wp\/v2\/posts\/9554\/revisions"}],"wp:featuredmedia":[{"embeddable":true,"href":"https:\/\/informacionlocal.es\/it\/wp-json\/wp\/v2\/media\/9556"}],"wp:attachment":[{"href":"https:\/\/informacionlocal.es\/it\/wp-json\/wp\/v2\/media?parent=9554"}],"wp:term":[{"taxonomy":"category","embeddable":true,"href":"https:\/\/informacionlocal.es\/it\/wp-json\/wp\/v2\/categories?post=9554"},{"taxonomy":"post_tag","embeddable":true,"href":"https:\/\/informacionlocal.es\/it\/wp-json\/wp\/v2\/tags?post=9554"}],"curies":[{"name":"wp","href":"https:\/\/api.w.org\/{rel}","templated":true}]}}