{"id":9548,"date":"2025-08-14T10:00:28","date_gmt":"2025-08-14T09:00:28","guid":{"rendered":"https:\/\/informacionlocal.es\/el-cabildo-lleva-la-tecnologia-mas-vanguardista-a-la-xxxi-semana-cultural-de-playa-de-la-cebada-con-un-circuito-de-drones-fpv-y-realidad-virtual\/"},"modified":"2025-08-14T10:00:28","modified_gmt":"2025-08-14T09:00:28","slug":"el-cabildo-lleva-la-tecnologia-mas-vanguardista-a-la-xxxi-semana-cultural-de-playa-de-la-cebada-con-un-circuito-de-drones-fpv-y-realidad-virtual","status":"publish","type":"post","link":"https:\/\/informacionlocal.es\/it\/el-cabildo-lleva-la-tecnologia-mas-vanguardista-a-la-xxxi-semana-cultural-de-playa-de-la-cebada-con-un-circuito-de-drones-fpv-y-realidad-virtual\/","title":{"rendered":"El Cabildo lleva la tecnolog\u00eda m\u00e1s vanguardista a la XXXI Semana Cultural de Playa de la Cebada con un circuito de drones FPV y realidad virtual"},"content":{"rendered":"<div class=\"entry-content\"><strong>14 agosto, 2025<\/strong><\/p>\n<p><strong><em>El objetivo de la actividad es acercar las \u00faltimas tecnolog\u00edas a la poblaci\u00f3n de manera accesible y l\u00fadica<\/em><\/strong><\/p>\n<p><strong><em>Se desarrollar\u00e1n actividades para iniciarse en el mundo de los drones y experimentar la realidad virtual<\/em><\/strong><\/p>\n<p>La Consejer\u00eda de Nuevas Tecnolog\u00edas del Cabildo de Fuerteventura estar\u00e1 presente en la XXXI Semana Cultural Playa de la Cebada, que se celebra en Morro Jable, bajo la organizaci\u00f3n del Ayuntamiento de P\u00e1jara. Las actividades tecnol\u00f3gicas gratuitas se realizar\u00e1n los pr\u00f3ximos d\u00edas 21 y 22 de agosto.<\/p>\n<p>De esta manera, la Corporaci\u00f3n insular reafirma su compromiso con la promoci\u00f3n de la innovaci\u00f3n y democratizaci\u00f3n del conocimiento digital en la Isla. \u00abDesde el Cabildo, buscamos acercar las \u00faltimas tecnolog\u00edas a la ciudadan\u00eda de forma accesible y l\u00fadica\u00bb, ha declarado la consejera Carmen Alonso. \u00abEstas actividades en un entorno tan emblem\u00e1tico como la playa de Morro Jable son una oportunidad \u00fanica para que tanto j\u00f3venes como adultos descubran el potencial de la tecnolog\u00eda de una manera totalmente innovadora y divertida\u00bb.<\/p>\n<p>Las actividades, dirigidas a todos los p\u00fablicos y pensadas para principiantes, se desarrollar\u00e1n en dos \u00e1reas principales: Por un lado, \u2018Circuito de Drones FPV: Vuela como un profesional\u2019, se instalar\u00e1 un circuito cerrado donde los asistentes podr\u00e1n iniciarse en el emocionante mundo de los drones FPV (First Person View). De la mano de profesionales del sector, los participantes no solo podr\u00e1n contemplar exhibiciones de pilotaje de alta velocidad, sino que tambi\u00e9n tendr\u00e1n la oportunidad de pilotar un dron por s\u00ed mismos. Esta actividad, que combina destreza, coordinaci\u00f3n y tecnolog\u00eda de vanguardia, busca despertar el inter\u00e9s por un sector en auge con m\u00faltiples aplicaciones profesionales y recreativas.<\/p>\n<p><strong>Inmersi\u00f3n en Realidad Virtual: Un viaje a otros mundos<\/strong><\/p>\n<p>La segunda actividad se titula \u2018Impresi\u00f3n en Realidad Virtual: Un viaje a otros mundos\u2019, permitir\u00e1 a los asistentes sumergirse en experiencias de realidad virtual (VR) a trav\u00e9s del uso de las \u00faltimas gafas del mercado. Los participantes podr\u00e1n explorar mundos virtuales, interactuar con entornos inmersivos y vivir sensaciones \u00fanicas sin moverse de la playa. Esta iniciativa es parte del esfuerzo de la Consejer\u00eda por mostrar c\u00f3mo la realidad virtual puede ser una herramienta de entretenimiento, pero tambi\u00e9n educativa, para explorar nuevos horizontes.<\/p>\n<p>La Consejer\u00eda de Nuevas Tecnolog\u00edas ha manifestado que este tipo de colaboraciones son clave para fomentar la curiosidad y la formaci\u00f3n en las tecnolog\u00edas emergentes. Las actividades del 21 y 22 de agosto son un paso m\u00e1s en la estrategia del Cabildo por posicionar a Fuerteventura como un referente en innovaci\u00f3n y tecnolog\u00eda, ofreciendo a los ciudadanos y visitantes experiencias que unen el ocio con la formaci\u00f3n digital.<\/p>\n<p>Para m\u00e1s informaci\u00f3n, se puede consultar la agenda completa de la XXXI Semana Cultural de Playa de la Cebada o visitar los canales oficiales del Cabildo de Fuerteventura.<\/p>\n<\/div>\n","protected":false},"excerpt":{"rendered":"<p>14 agosto, 2025 El objetivo de la actividad es acercar las \u00faltimas tecnolog\u00edas a la poblaci\u00f3n de manera accesible y l\u00fadica Se desarrollar\u00e1n actividades para iniciarse en el mundo de [&hellip;]<\/p>\n","protected":false},"author":1,"featured_media":9550,"comment_status":"open","ping_status":"open","sticky":false,"template":"","format":"standard","meta":{"inline_featured_image":false,"jnews-multi-image_gallery":[],"jnews_single_post":[],"jnews_primary_category":[],"jnews_social_meta":[],"jnews_override_counter":[],"jnews_post_split":[],"footnotes":""},"categories":[58],"tags":[],"class_list":["post-9548","post","type-post","status-publish","format-standard","has-post-thumbnail","hentry","category-cabildo"],"jetpack_featured_media_url":"https:\/\/informacionlocal.es\/wp-content\/uploads\/2025\/08\/talleres-cebada-2025jpg.jpg","_links":{"self":[{"href":"https:\/\/informacionlocal.es\/it\/wp-json\/wp\/v2\/posts\/9548","targetHints":{"allow":["GET"]}}],"collection":[{"href":"https:\/\/informacionlocal.es\/it\/wp-json\/wp\/v2\/posts"}],"about":[{"href":"https:\/\/informacionlocal.es\/it\/wp-json\/wp\/v2\/types\/post"}],"author":[{"embeddable":true,"href":"https:\/\/informacionlocal.es\/it\/wp-json\/wp\/v2\/users\/1"}],"replies":[{"embeddable":true,"href":"https:\/\/informacionlocal.es\/it\/wp-json\/wp\/v2\/comments?post=9548"}],"version-history":[{"count":0,"href":"https:\/\/informacionlocal.es\/it\/wp-json\/wp\/v2\/posts\/9548\/revisions"}],"wp:featuredmedia":[{"embeddable":true,"href":"https:\/\/informacionlocal.es\/it\/wp-json\/wp\/v2\/media\/9550"}],"wp:attachment":[{"href":"https:\/\/informacionlocal.es\/it\/wp-json\/wp\/v2\/media?parent=9548"}],"wp:term":[{"taxonomy":"category","embeddable":true,"href":"https:\/\/informacionlocal.es\/it\/wp-json\/wp\/v2\/categories?post=9548"},{"taxonomy":"post_tag","embeddable":true,"href":"https:\/\/informacionlocal.es\/it\/wp-json\/wp\/v2\/tags?post=9548"}],"curies":[{"name":"wp","href":"https:\/\/api.w.org\/{rel}","templated":true}]}}