{"id":9488,"date":"2025-08-12T16:58:36","date_gmt":"2025-08-12T15:58:36","guid":{"rendered":"https:\/\/informacionlocal.es\/un-equipo-tecnico-y-profesional-avala-la-seguridad-en-las-fiestas-de-antigua-2025\/"},"modified":"2025-08-12T16:58:36","modified_gmt":"2025-08-12T15:58:36","slug":"un-equipo-tecnico-y-profesional-avala-la-seguridad-en-las-fiestas-de-antigua-2025","status":"publish","type":"post","link":"https:\/\/informacionlocal.es\/it\/un-equipo-tecnico-y-profesional-avala-la-seguridad-en-las-fiestas-de-antigua-2025\/","title":{"rendered":"Un equipo t\u00e9cnico y profesional avala la seguridad en las Fiestas de Antigua 2025"},"content":{"rendered":"<div class=\"elementor-widget-container\">\n<p><strong>Un equipo t\u00e9cnico y profesional avala la seguridad en las Fiestas de Antigua 2025<\/strong><\/p>\n<p><strong>\u2022 La limpieza y la seguridad prioridades en todas las actuaciones y conciertos previstos en las Fiestas de Antigua 2025. <\/strong><br \/><strong>\u2022 La coordinaci\u00f3n entre los cuerpos de la Guardia Civil, Polic\u00eda Local, Seguridad Privada, Bomberos y Emergencias de Fuerteventura y Protecci\u00f3n Civil de Antigua avalan el Plan de Seguridad y el buen desarrollo de las Fiestas de Antigua 2025. <\/strong><br \/><strong>\u2022 Las Fiestas de Antigua se celebran del jueves 21 de agosto al lunes 8 de septiembre, festividad patronal en el municipio.<\/strong><\/p>\n<p>El Ayuntamiento de Antigua ha celebrado este martes por la ma\u00f1ana la Junta de Seguridad de las Fiestas patronales que se celebran del 21 de agosto hasta la festividad del 8 de septiembre en Honor a Nuestra Se\u00f1ora de La Antigua.<\/p>\n<p>La Junta de Seguridad, presidida por el alcalde, Mat\u00edas Pe\u00f1a y la directora insular de la Administraci\u00f3n del Estado, Mar\u00eda Jes\u00fas De la Cruz, ha contado con la presencia de los concejales de Festejos y Seguridad y Emergencias, Pedro M. Armas y Fernando Estupi\u00f1\u00e1n, respectivamente, junto con el Capit\u00e1n en Fuerteventura, Pedro Peinado, entre los mandos de la de la Guardia Civil asistentes, el Sub Inspector Jefe de la Polic\u00eda Local de Antigua, Domingo Fr\u00e1nquiz, el responsable insular de Bomberos y Emergencia de Fuerteventura, Francisco Torres, adem\u00e1s de los representantes de Ambulancias, Seguridad Privada, Protecci\u00f3n Civil de Antigua y direcci\u00f3n del Plan de Seguridad de las Fiestas de Antigua 2025.<\/p>\n<p>Las Fiestas de Antigua se confirman cada a\u00f1o como unas Fiestas Patronales familiares, seguras y tranquilas, que se disfrutan sin incidencias ni problemas cada a\u00f1o, afirma el alcalde, un resultado que es posible gracias a la profesional y eficaz coordinaci\u00f3n de todos los equipos profesionales involucrados, desde el t\u00e9cnico, al preventivo y los cuerpos de seguridad y emergencias.<\/p>\n<p>Facilitar los accesos a vecinos y vecinas, cerrar entradas a veh\u00edculos no autorizados, ordenar zona de terrazas de los chiringuitos que permitan el paso, establecer zonas espaciosas para el p\u00fablico asistente y al cobijo de una gran carpa que proteja de inclemencias climatol\u00f3gicas, as\u00ed como disponer de varias zonas de aseos se\u00f1alizados y que permanezcan limpios todos los d\u00edas, son algunos de los aspectos abordados.<\/p>\n<\/div>\n","protected":false},"excerpt":{"rendered":"<p><strong>Un equipo t\u00e9cnico y profesional avala la seguridad en las Fiestas de Antigua 2025<\/strong><\/p>\n","protected":false},"author":1,"featured_media":9490,"comment_status":"open","ping_status":"open","sticky":false,"template":"","format":"standard","meta":{"inline_featured_image":false,"jnews-multi-image_gallery":[],"jnews_single_post":[],"jnews_primary_category":[],"jnews_social_meta":[],"jnews_override_counter":[],"jnews_post_split":[],"footnotes":""},"categories":[59],"tags":[82,182],"class_list":["post-9488","post","type-post","status-publish","format-standard","has-post-thumbnail","hentry","category-antigua","tag-fuerteventura","tag-seguridad"],"jetpack_featured_media_url":"https:\/\/informacionlocal.es\/wp-content\/uploads\/2025\/08\/junta-de-seguridad-fiestas-de-antigua-2025-2-scaled-1.jpg","_links":{"self":[{"href":"https:\/\/informacionlocal.es\/it\/wp-json\/wp\/v2\/posts\/9488","targetHints":{"allow":["GET"]}}],"collection":[{"href":"https:\/\/informacionlocal.es\/it\/wp-json\/wp\/v2\/posts"}],"about":[{"href":"https:\/\/informacionlocal.es\/it\/wp-json\/wp\/v2\/types\/post"}],"author":[{"embeddable":true,"href":"https:\/\/informacionlocal.es\/it\/wp-json\/wp\/v2\/users\/1"}],"replies":[{"embeddable":true,"href":"https:\/\/informacionlocal.es\/it\/wp-json\/wp\/v2\/comments?post=9488"}],"version-history":[{"count":0,"href":"https:\/\/informacionlocal.es\/it\/wp-json\/wp\/v2\/posts\/9488\/revisions"}],"wp:featuredmedia":[{"embeddable":true,"href":"https:\/\/informacionlocal.es\/it\/wp-json\/wp\/v2\/media\/9490"}],"wp:attachment":[{"href":"https:\/\/informacionlocal.es\/it\/wp-json\/wp\/v2\/media?parent=9488"}],"wp:term":[{"taxonomy":"category","embeddable":true,"href":"https:\/\/informacionlocal.es\/it\/wp-json\/wp\/v2\/categories?post=9488"},{"taxonomy":"post_tag","embeddable":true,"href":"https:\/\/informacionlocal.es\/it\/wp-json\/wp\/v2\/tags?post=9488"}],"curies":[{"name":"wp","href":"https:\/\/api.w.org\/{rel}","templated":true}]}}