{"id":9458,"date":"2025-08-11T18:58:51","date_gmt":"2025-08-11T17:58:51","guid":{"rendered":"https:\/\/informacionlocal.es\/cabildo-y-el-consejo-insular-de-aguas-limpian-de-ramas-basales-varios-tramos-del-barranco-del-valle\/"},"modified":"2025-08-11T18:58:51","modified_gmt":"2025-08-11T17:58:51","slug":"cabildo-y-el-consejo-insular-de-aguas-limpian-de-ramas-basales-varios-tramos-del-barranco-del-valle","status":"publish","type":"post","link":"https:\/\/informacionlocal.es\/it\/cabildo-y-el-consejo-insular-de-aguas-limpian-de-ramas-basales-varios-tramos-del-barranco-del-valle\/","title":{"rendered":"\ufeffCabildo y el Consejo Insular de Aguas limpian de ramas basales varios tramos del barranco del Valle"},"content":{"rendered":"<div class=\"entry-content\"><strong>11 agosto, 2025<\/strong><\/p>\n<p><strong>T\u00e9cnicos de ambos organismos, coordinados con los operarios de las cuadrillas de \u2018Fuerteventura, bonita por naturaleza\u2019, trabajan para recuperar el equilibrio del ecosistema y asegurar el tr\u00e1nsito de agua sin desbordamientos ni da\u00f1os<\/strong><\/p>\n<p><strong>Se han retirado 72 metros c\u00fabicos de poda y vegetaci\u00f3n seca a lo largo de 800 metros<\/strong><\/p>\n<p>El Cabildo, a trav\u00e9s del Servicio de Obras y Maquinaria, y el Consejo Insular de Aguas de Fuerteventura (CIAF), en coordinaci\u00f3n con las cuadrillas del programa \u2018Fuerteventura, bonita por naturaleza\u2019, trabajan desde hoy sobre varios tramos del barranco del Valle, en Betancuria, para limpiar el cauce de ramas basales. Se trata de la segunda intervenci\u00f3n en la zona, esta vez centrada en aquellos puntos pr\u00f3ximos a las obras de drenaje transversal.<\/p>\n<p>La presidenta insular, Lola Garc\u00eda, ha destacado las labores que se realizan desde el programa \u2018Fuerteventura, bonita por naturaleza\u2019, un programa que incluye acciones por todo el territorio insular para la conservaci\u00f3n y mantenimiento de entornos naturales y todos aquellos elementos que convierten la Isla en un lugar \u00fanico.<\/p>\n<p>El consejero de Obras y Maquinaria, Blas Acosta, pone en valor el trabajo coordinado con el CIAF y las cuadrillas \u201cpara recuperar el equilibrio en este ecosistema tan singular de Fuerteventura, al mismo tiempo que se asegura el paso del agua por su cauce natural y se previenen inundaciones y desbordamientos\u201d.<\/p>\n<p>Las labores permiten asegurar las condiciones de seguridad y desag\u00fce del barranco, adem\u00e1s de su embellecimiento, seg\u00fan ha indicado el consejero de Aguas, Adargoma Hern\u00e1ndez.<\/p>\n<p>De hecho, es la segunda intervenci\u00f3n que se realiza en este barranco. En la primera, reci\u00e9n culminada, se focaliz\u00f3 el trabajo en las podas y retirada de vegetaci\u00f3n seca. En esta segunda actuaci\u00f3n se pretende garantizar el correcto funcionamiento de las obras de drenaje transversal que hay a lo largo del cauce.<\/p>\n<p>El principal impedimento para alcanzar este objetivo lo constituyen las masas de ramas basales que se han desarrollado en estos pasos de agua y que son una potencial amenaza en caso de lluvias.<\/p>\n<p>Durante la primera intervenci\u00f3n en el barranco del Valle se retiraron 72 metros c\u00fabicos de poda y vegetaci\u00f3n seca a lo largo de 800 metros de cauce. Los trabajos se dividieron en diez tramos para facilitar la actuaci\u00f3n manual de las cuadrillas. Ahora, los operarios de \u2018Fuerteventura, bonita por naturaleza\u2019, el Servicio de Obras y Maquinaria y el CIAF regresan a varios de esos tramos para despejar el cauce a su paso por las obras de drenaje transversal.<\/p>\n<p>El encargo \u2018Fuerteventura, bonita por naturaleza\u2019 realizado por el departamento que dirige Blas Acosta a\u00a0su medio propio Gesti\u00f3n y Planeamiento Territorial y Medioambiental (Gesplan)\u00a0contempla actuaciones a largo de 15 meses, entre 2024 y 2025. Durante ambos ejercicios se invertir\u00e1n cuatro millones de euros de financiaci\u00f3n propia en cerca de un centenar de \u201cacciones de cercan\u00eda\u201d que inciden directamente en la conservaci\u00f3n del entorno natural, en la buena percepci\u00f3n de los visitantes y en la calidad de vida de los residentes.<\/p>\n<\/div>\n","protected":false},"excerpt":{"rendered":"<p>11 agosto, 2025 T\u00e9cnicos de ambos organismos, coordinados con los operarios de las cuadrillas de \u2018Fuerteventura, bonita por naturaleza\u2019, trabajan para recuperar el equilibrio del ecosistema y asegurar el tr\u00e1nsito [&hellip;]<\/p>\n","protected":false},"author":1,"featured_media":9460,"comment_status":"open","ping_status":"open","sticky":false,"template":"","format":"standard","meta":{"inline_featured_image":false,"jnews-multi-image_gallery":[],"jnews_single_post":[],"jnews_primary_category":[],"jnews_social_meta":[],"jnews_override_counter":[],"jnews_post_split":[],"footnotes":""},"categories":[58],"tags":[82],"class_list":["post-9458","post","type-post","status-publish","format-standard","has-post-thumbnail","hentry","category-cabildo","tag-fuerteventura"],"jetpack_featured_media_url":"https:\/\/informacionlocal.es\/wp-content\/uploads\/2025\/08\/erereg.jpeg","_links":{"self":[{"href":"https:\/\/informacionlocal.es\/it\/wp-json\/wp\/v2\/posts\/9458","targetHints":{"allow":["GET"]}}],"collection":[{"href":"https:\/\/informacionlocal.es\/it\/wp-json\/wp\/v2\/posts"}],"about":[{"href":"https:\/\/informacionlocal.es\/it\/wp-json\/wp\/v2\/types\/post"}],"author":[{"embeddable":true,"href":"https:\/\/informacionlocal.es\/it\/wp-json\/wp\/v2\/users\/1"}],"replies":[{"embeddable":true,"href":"https:\/\/informacionlocal.es\/it\/wp-json\/wp\/v2\/comments?post=9458"}],"version-history":[{"count":0,"href":"https:\/\/informacionlocal.es\/it\/wp-json\/wp\/v2\/posts\/9458\/revisions"}],"wp:featuredmedia":[{"embeddable":true,"href":"https:\/\/informacionlocal.es\/it\/wp-json\/wp\/v2\/media\/9460"}],"wp:attachment":[{"href":"https:\/\/informacionlocal.es\/it\/wp-json\/wp\/v2\/media?parent=9458"}],"wp:term":[{"taxonomy":"category","embeddable":true,"href":"https:\/\/informacionlocal.es\/it\/wp-json\/wp\/v2\/categories?post=9458"},{"taxonomy":"post_tag","embeddable":true,"href":"https:\/\/informacionlocal.es\/it\/wp-json\/wp\/v2\/tags?post=9458"}],"curies":[{"name":"wp","href":"https:\/\/api.w.org\/{rel}","templated":true}]}}