{"id":9440,"date":"2025-08-11T13:10:52","date_gmt":"2025-08-11T12:10:52","guid":{"rendered":"https:\/\/informacionlocal.es\/cierre-temporal-de-instalaciones-por-la-situacion-de-alerta-por-altas-temperaturas\/"},"modified":"2025-08-11T13:10:52","modified_gmt":"2025-08-11T12:10:52","slug":"cierre-temporal-de-instalaciones-por-la-situacion-de-alerta-por-altas-temperaturas","status":"publish","type":"post","link":"https:\/\/informacionlocal.es\/it\/cierre-temporal-de-instalaciones-por-la-situacion-de-alerta-por-altas-temperaturas\/","title":{"rendered":"Cierre temporal de instalaciones por la situaci\u00f3n de alerta por altas temperaturas"},"content":{"rendered":"<div class=\"entry-content\"><strong>11 agosto, 2025<\/strong><\/p>\n<p><em><strong>Durante la vigencia del PEIN, permanecer\u00e1n cerrados Castillo de Lara, Parra Medina, Casas de Felipito y los campos de entrenamiento para perros de caza<\/strong><\/em><\/p>\n<p>El Cabildo de Fuerteventura comunica que, debido a la activaci\u00f3n del Plan Territorial Insular de Emergencias de Protecci\u00f3n Civil de la Isla de Fuerteventura (PEIN) ante la declaraci\u00f3n de situaci\u00f3n de alerta por temperaturas m\u00e1ximas, permanecer\u00e1n cerradas las instalaciones de Castillo de Lara, Aula de la Naturaleza y Parque-merendero \u2018Casa de Felipito\u2019, dependientes del Cabildo, as\u00ed como los campos de entrenamiento para perros de caza actualmente en funcionamiento. Dichas instalaciones estar\u00e1n cerradas hasta la desactivaci\u00f3n del plan.<\/p>\n<p>El PEIN se activa en fase de preemergencia desde las 00.00 horas del 9 de agosto de 2025, hasta la finalizaci\u00f3n de la situaci\u00f3n de alerta m\u00e1xima declarada por la Direcci\u00f3n General de Emergencias del Gobierno de Canarias. Se prev\u00e9n posibles temperaturas superiores a 35-40 grados en zonas del interior de Fuerteventura.<\/p>\n<p>Hasta la desactivaci\u00f3n del PEIN, se suspenden, adem\u00e1s, todos los eventos de p\u00fablica concurrencia y aquellas actividades organizadas por el Cabildo de Fuerteventura en espacios abiertos o en aquellas instalaciones que no re\u00fanan las condiciones de climatizaci\u00f3n adecuadas, en el periodo comprendido entre las 09.00 y las 21.00 horas, durante toda la vigencia de la activaci\u00f3n del PEIN.<\/p>\n<p>La Corporaci\u00f3n insular, desde el \u00e1rea de Seguridad y Emergencias, agradece la colaboraci\u00f3n ciudadana en la toma de las precauciones pertinentes. Se insta a la poblaci\u00f3n a seguir los siguientes consejos de autoprotecci\u00f3n de la Direcci\u00f3n General de Emergencias: \u00a0https:\/\/www.gobiernodecanarias.org\/emergencias\/alertas\/Alerta_vigente.html<\/p>\n<\/div>\n","protected":false},"excerpt":{"rendered":"<p>11 agosto, 2025 Durante la vigencia del PEIN, permanecer\u00e1n cerrados Castillo de Lara, Parra Medina, Casas de Felipito y los campos de entrenamiento para perros de caza El Cabildo de [&hellip;]<\/p>\n","protected":false},"author":1,"featured_media":9442,"comment_status":"open","ping_status":"open","sticky":false,"template":"","format":"standard","meta":{"inline_featured_image":false,"jnews-multi-image_gallery":[],"jnews_single_post":[],"jnews_primary_category":[],"jnews_social_meta":[],"jnews_override_counter":[],"jnews_post_split":[],"footnotes":""},"categories":[58],"tags":[69,82],"class_list":["post-9440","post","type-post","status-publish","format-standard","has-post-thumbnail","hentry","category-cabildo","tag-eventos","tag-fuerteventura"],"jetpack_featured_media_url":"https:\/\/informacionlocal.es\/wp-content\/uploads\/2025\/08\/1754897918-622db00a3730170971bc57d6b197c153.jpg","_links":{"self":[{"href":"https:\/\/informacionlocal.es\/it\/wp-json\/wp\/v2\/posts\/9440","targetHints":{"allow":["GET"]}}],"collection":[{"href":"https:\/\/informacionlocal.es\/it\/wp-json\/wp\/v2\/posts"}],"about":[{"href":"https:\/\/informacionlocal.es\/it\/wp-json\/wp\/v2\/types\/post"}],"author":[{"embeddable":true,"href":"https:\/\/informacionlocal.es\/it\/wp-json\/wp\/v2\/users\/1"}],"replies":[{"embeddable":true,"href":"https:\/\/informacionlocal.es\/it\/wp-json\/wp\/v2\/comments?post=9440"}],"version-history":[{"count":0,"href":"https:\/\/informacionlocal.es\/it\/wp-json\/wp\/v2\/posts\/9440\/revisions"}],"wp:featuredmedia":[{"embeddable":true,"href":"https:\/\/informacionlocal.es\/it\/wp-json\/wp\/v2\/media\/9442"}],"wp:attachment":[{"href":"https:\/\/informacionlocal.es\/it\/wp-json\/wp\/v2\/media?parent=9440"}],"wp:term":[{"taxonomy":"category","embeddable":true,"href":"https:\/\/informacionlocal.es\/it\/wp-json\/wp\/v2\/categories?post=9440"},{"taxonomy":"post_tag","embeddable":true,"href":"https:\/\/informacionlocal.es\/it\/wp-json\/wp\/v2\/tags?post=9440"}],"curies":[{"name":"wp","href":"https:\/\/api.w.org\/{rel}","templated":true}]}}