{"id":9428,"date":"2025-08-08T23:58:51","date_gmt":"2025-08-08T22:58:51","guid":{"rendered":"https:\/\/informacionlocal.es\/bando-situacion-de-alerta-maxima-temperaturas-maximas\/"},"modified":"2025-08-08T23:58:51","modified_gmt":"2025-08-08T22:58:51","slug":"bando-situacion-de-alerta-maxima-temperaturas-maximas","status":"publish","type":"post","link":"https:\/\/informacionlocal.es\/it\/bando-situacion-de-alerta-maxima-temperaturas-maximas\/","title":{"rendered":"BANDO-SITUACI\u00d3N DE ALERTA M\u00c1XIMA \u2013 TEMPERATURAS M\u00c1XIMAS"},"content":{"rendered":"<div class=\"entry-content\">\n<div class data-block=\"true\" data-editor=\"er6tc\" data-offset-key=\"6o0vu-0-0\">\n<div class=\"_1mf _1mj\" data-offset-key=\"6o0vu-0-0\"><span data-offset-key=\"6o0vu-0-0\">\ud83c\udf1e\ud83c\udf21 SITUACI\u00d3N DE ALERTA M\u00c1XIMA \u2013 TEMPERATURAS M\u00c1XIMAS<\/span><\/div>\n<\/div>\n<div class data-block=\"true\" data-editor=\"er6tc\" data-offset-key=\"7gja5-0-0\">\n<div class=\"_1mf _1mj\" data-offset-key=\"7gja5-0-0\"><span data-offset-key=\"7gja5-0-0\">\u00a0<\/span><\/div>\n<\/div>\n<div class data-block=\"true\" data-editor=\"er6tc\" data-offset-key=\"b5dpi-0-0\">\n<div class=\"_1mf _1mj\" data-offset-key=\"b5dpi-0-0\"><span data-offset-key=\"b5dpi-0-0\">\ud83d\udcdc Crist\u00f3bal David de Vera Cabrera, Alcalde-Presidente del Ayuntamiento de Puerto del Rosario HACE SABER:<\/span><\/div>\n<\/div>\n<div class data-block=\"true\" data-editor=\"er6tc\" data-offset-key=\"30tvo-0-0\">\n<div class=\"_1mf _1mj\" data-offset-key=\"30tvo-0-0\"><span data-offset-key=\"30tvo-0-0\">\u00a0<\/span><\/div>\n<\/div>\n<div class data-block=\"true\" data-editor=\"er6tc\" data-offset-key=\"2r820-0-0\">\n<div class=\"_1mf _1mj\" data-offset-key=\"2r820-0-0\"><span data-offset-key=\"2r820-0-0\">Que ante la actualizaci\u00f3n de SITUACI\u00d3N DE ALERTA M\u00c1XIMA \u2013 TEMPERATURAS M\u00c1XIMAS (FEN\u00d3MENO METEOROL\u00d3GICO ADVERSO), llevada a cabo a las 11:49 horas del viernes 08 de agosto de 2025 por la Direcci\u00f3n General de Emergencias del Gobierno de Canarias y entrada en vigor a las 14 horas del mismo d\u00eda, se pone en general conocimiento y en orden de su cumplimiento en el ejercicio de las competencias que me atribuye el art\u00edculo 21.1.e de la Ley 7\/85 de 2 de abril reguladora de las Bases de R\u00e9gimen Local, modificada por la Ley 11\/99 de 21 de<\/span><\/div>\n<\/div>\n<div class data-block=\"true\" data-editor=\"er6tc\" data-offset-key=\"s72h-0-0\">\n<div class=\"_1mf _1mj\" data-offset-key=\"s72h-0-0\"><span data-offset-key=\"s72h-0-0\">Abril, en cumplimiento de las recomendaciones ante el citado fen\u00f3meno meteorol\u00f3gico adverso, se han tomado las siguientes medidas en relaci\u00f3n con eventos p\u00fablicos en el municipio de Puerto del Rosario y que a continuaci\u00f3n se <\/span>indican:<\/div>\n<\/div>\n<div class data-block=\"true\" data-editor=\"er6tc\" data-offset-key=\"51ldi-0-0\">\n<div class=\"_1mf _1mj\" data-offset-key=\"51ldi-0-0\"><span data-offset-key=\"51ldi-0-0\">\u00a0<\/span><\/div>\n<\/div>\n<div class data-block=\"true\" data-editor=\"er6tc\" data-offset-key=\"2ua3d-0-0\">\n<div class=\"_1mf _1mj\" data-offset-key=\"2ua3d-0-0\"><span data-offset-key=\"2ua3d-0-0\">\u2705 Suspender todas las actividades l\u00fadicas y deportivas a celebrar al aire libre en el t\u00e9rmino municipal, hasta la declaraci\u00f3n de finalizaci\u00f3n de ALERTA M\u00c1XIMA por TEMPERATURAS M\u00c1XIMAS.<\/span><\/div>\n<\/div>\n<div class data-block=\"true\" data-editor=\"er6tc\" data-offset-key=\"5lrph-0-0\">\n<div class=\"_1mf _1mj\" data-offset-key=\"5lrph-0-0\"><span data-offset-key=\"5lrph-0-0\">\u00a0<\/span><\/div>\n<\/div>\n<div class data-block=\"true\" data-editor=\"er6tc\" data-offset-key=\"asi9u-0-0\">\n<div class=\"_1mf _1mj\" data-offset-key=\"asi9u-0-0\"><span data-offset-key=\"asi9u-0-0\">\ud83d\udcc6 Viernes, S\u00e1bado y Domingo 08, 09 y 10 de agosto de 2.025 respectivamente \u2013 Eventos FIESTA INFANTIL a las 18 horas con motivo de las FIESTAS DE LA MATILLA (Nuestra Se\u00f1ora del Perpetuo Socorro), llevar a cabo su desarrollo<\/span><\/div>\n<\/div>\n<div class data-block=\"true\" data-editor=\"er6tc\" data-offset-key=\"187go-0-0\">\n<div class=\"_1mf _1mj\" data-offset-key=\"187go-0-0\"><span data-offset-key=\"187go-0-0\">en zona con sombra y con hidrataci\u00f3n de los asistentes.<\/span><\/div>\n<\/div>\n<div class data-block=\"true\" data-editor=\"er6tc\" data-offset-key=\"923le-0-0\">\n<div class=\"_1mf _1mj\" data-offset-key=\"923le-0-0\"><span data-offset-key=\"923le-0-0\">\u00a0<\/span><\/div>\n<\/div>\n<div class data-block=\"true\" data-editor=\"er6tc\" data-offset-key=\"21mmr-0-0\">\n<div class=\"_1mf _1mj\" data-offset-key=\"21mmr-0-0\"><span data-offset-key=\"21mmr-0-0\">\ud83d\udcc5 Viernes 08 de agosto de 2.025 \u2013 Evento \u201cCon la pata levant\u00e1 para los m\u00e1s veteranos\u201d, con motivo de las FIESTAS DE LA MATILLA (Nuestra Se\u00f1ora del Perpetuo Socorro), llevar a cabo su desarrollo en zona con sombra y con<\/span><\/div>\n<\/div>\n<div class data-block=\"true\" data-editor=\"er6tc\" data-offset-key=\"2nu1f-0-0\">\n<div class=\"_1mf _1mj\" data-offset-key=\"2nu1f-0-0\"><span data-offset-key=\"2nu1f-0-0\">hidrataci\u00f3n de los asistentes.<\/span><\/div>\n<\/div>\n<div class data-block=\"true\" data-editor=\"er6tc\" data-offset-key=\"420k-0-0\">\n<div class=\"_1mf _1mj\" data-offset-key=\"420k-0-0\"><span data-offset-key=\"420k-0-0\">\u00a0<\/span><\/div>\n<\/div>\n<div class data-block=\"true\" data-editor=\"er6tc\" data-offset-key=\"ass1s-0-0\">\n<div class=\"_1mf _1mj\" data-offset-key=\"ass1s-0-0\"><span data-offset-key=\"ass1s-0-0\">\ud83d\udcc5 S\u00e1bado 09 de agosto de 2.025 \u2013 Evento a las 18 horas, Romer\u00eda desde la Vega Nueva hasta la plaza de La Matilla con motivo de las FIESTAS DE LA MATILLA (Nuestra Se\u00f1ora del Perpetuo Socorro), queda suspendido el citado evento y se cambia por concentraci\u00f3n de los romeros en el entorno de la Plaza de La Matilla, en zona con sombra y con hidrataci\u00f3n para los asistentes.<\/span><\/div>\n<\/div>\n<div class data-block=\"true\" data-editor=\"er6tc\" data-offset-key=\"8oml3-0-0\">\n<div class=\"_1mf _1mj\" data-offset-key=\"8oml3-0-0\"><span data-offset-key=\"8oml3-0-0\">\u00a0<\/span><\/div>\n<\/div>\n<div class data-block=\"true\" data-editor=\"er6tc\" data-offset-key=\"5cuqj-0-0\">\n<div class=\"_1mf _1mj\" data-offset-key=\"5cuqj-0-0\"><span data-offset-key=\"5cuqj-0-0\">\ud83d\udcc5 Domingo 10 de agosto de 2.025 \u2013 Evento a las 13 horas, Eucarist\u00eda y posterior Procesi\u00f3n Religiosa, con motivo de las FIESTAS DE LA MATILLA (Nuestra Se\u00f1ora del Perpetuo Socorro) se mantiene la celebraci\u00f3n de dicho evento dentro de la Iglesia, pendiente de valoraci\u00f3n de la evoluci\u00f3n del fen\u00f3meno meteorol\u00f3gico para en su caso restringir el recorrido de la Procesi\u00f3n si fuera oportuno.<\/span><\/div>\n<\/div>\n<div class data-block=\"true\" data-editor=\"er6tc\" data-offset-key=\"pmui-0-0\">\n<div class=\"_1mf _1mj\" data-offset-key=\"pmui-0-0\"><span data-offset-key=\"pmui-0-0\">\u00a0<\/span><\/div>\n<\/div>\n<div class data-block=\"true\" data-editor=\"er6tc\" data-offset-key=\"flege-0-0\">\n<div class=\"_1mf _1mj\" data-offset-key=\"flege-0-0\"><span data-offset-key=\"flege-0-0\">Lo que se hace p\u00fablico para su general conocimiento. <\/span><\/div>\n<\/div>\n<\/div>\n","protected":false},"excerpt":{"rendered":"<p>\ud83c\udf1e\ud83c\udf21 SITUACI\u00d3N DE ALERTA M\u00c1XIMA \u2013 TEMPERATURAS M\u00c1XIMAS \u00a0 \ud83d\udcdc Crist\u00f3bal David de Vera Cabrera, Alcalde-Presidente del Ayuntamiento de Puerto del Rosario HACE SABER: \u00a0 Que ante la actualizaci\u00f3n de [&hellip;]<\/p>\n","protected":false},"author":1,"featured_media":9430,"comment_status":"open","ping_status":"open","sticky":false,"template":"","format":"standard","meta":{"inline_featured_image":false,"jnews-multi-image_gallery":[],"jnews_single_post":[],"jnews_primary_category":[],"jnews_social_meta":[],"jnews_override_counter":[],"jnews_post_split":[],"footnotes":""},"categories":[61],"tags":[69],"class_list":["post-9428","post","type-post","status-publish","format-standard","has-post-thumbnail","hentry","category-puerto-del-rosario","tag-eventos"],"jetpack_featured_media_url":"https:\/\/informacionlocal.es\/wp-content\/uploads\/2025\/08\/altas-temperaturas.png","_links":{"self":[{"href":"https:\/\/informacionlocal.es\/it\/wp-json\/wp\/v2\/posts\/9428","targetHints":{"allow":["GET"]}}],"collection":[{"href":"https:\/\/informacionlocal.es\/it\/wp-json\/wp\/v2\/posts"}],"about":[{"href":"https:\/\/informacionlocal.es\/it\/wp-json\/wp\/v2\/types\/post"}],"author":[{"embeddable":true,"href":"https:\/\/informacionlocal.es\/it\/wp-json\/wp\/v2\/users\/1"}],"replies":[{"embeddable":true,"href":"https:\/\/informacionlocal.es\/it\/wp-json\/wp\/v2\/comments?post=9428"}],"version-history":[{"count":0,"href":"https:\/\/informacionlocal.es\/it\/wp-json\/wp\/v2\/posts\/9428\/revisions"}],"wp:featuredmedia":[{"embeddable":true,"href":"https:\/\/informacionlocal.es\/it\/wp-json\/wp\/v2\/media\/9430"}],"wp:attachment":[{"href":"https:\/\/informacionlocal.es\/it\/wp-json\/wp\/v2\/media?parent=9428"}],"wp:term":[{"taxonomy":"category","embeddable":true,"href":"https:\/\/informacionlocal.es\/it\/wp-json\/wp\/v2\/categories?post=9428"},{"taxonomy":"post_tag","embeddable":true,"href":"https:\/\/informacionlocal.es\/it\/wp-json\/wp\/v2\/tags?post=9428"}],"curies":[{"name":"wp","href":"https:\/\/api.w.org\/{rel}","templated":true}]}}