{"id":9416,"date":"2025-08-08T21:58:26","date_gmt":"2025-08-08T20:58:26","guid":{"rendered":"https:\/\/informacionlocal.es\/el-cabildo-de-fuerteventura-activa-el-pein-debido-a-la-alerta-por-temperaturas-maximas\/"},"modified":"2025-08-08T21:58:26","modified_gmt":"2025-08-08T20:58:26","slug":"el-cabildo-de-fuerteventura-activa-el-pein-debido-a-la-alerta-por-temperaturas-maximas","status":"publish","type":"post","link":"https:\/\/informacionlocal.es\/it\/el-cabildo-de-fuerteventura-activa-el-pein-debido-a-la-alerta-por-temperaturas-maximas\/","title":{"rendered":"El Cabildo de Fuerteventura activa el PEIN debido a la alerta por temperaturas m\u00e1ximas\ufeff"},"content":{"rendered":"<div class=\"entry-content\"><strong>8 agosto, 2025<\/strong><\/p>\n<p><em><strong>El PEIN se activa desde las 00.00 horas del 9 de agosto<\/strong><\/em><\/p>\n<p><em><strong>Se suspenden las actividades al aire libre organizadas por el Cabildo insular entre las 09.00 y las 21.00 horas<\/strong><\/em><\/p>\n<p>El Cabildo de Fuerteventura activa el Plan Territorial Insular de Emergencias de Protecci\u00f3n Civil de la Isla de Fuerteventura (PEIN) ante la declaraci\u00f3n de situaci\u00f3n de alerta por temperaturas m\u00e1ximas emitida por la Direcci\u00f3n General de Emergencias del Gobierno de Canarias.<\/p>\n<p>El PEIN se activa en fase de preemergencia desde las 00.00 horas del 9 de agosto de 2025, hasta la finalizaci\u00f3n de la situaci\u00f3n declarada. A trav\u00e9s de su activaci\u00f3n, se ordena la ejecuci\u00f3n de todas aquellas medidas necesarias para remediar el acontecimiento producido o satisfacer la necesidad derivada de la situaci\u00f3n de emergencia.<\/p>\n<p>De esta manera, se suspenden todos los eventos de p\u00fablica concurrencia y aquellas actividades organizadas por el Cabildo de Fuerteventura en espacios abiertos o en aquellas instalaciones que no re\u00fanan las condiciones de climatizaci\u00f3n adecuadas, en el periodo comprendido entre las 09.00 y las 21.00 horas, durante toda la vigencia de la activaci\u00f3n del PEIN.<\/p>\n<p>Asimismo, se movilizan los medios y recursos necesarios del Cabildo Insular de Fuerteventura bajo la direcci\u00f3n de la Consejer\u00eda de Seguridad y Emergencias, as\u00ed como los sistemas de comunicaci\u00f3n con el CECOES 1-1-2.<\/p>\n<p>La Corporaci\u00f3n insular, desde el \u00e1rea de Seguridad y Emergencias, agradece la colaboraci\u00f3n ciudadana en la toma de las precauciones pertinentes. Se insta a la poblaci\u00f3n a seguir los siguientes consejos de autoprotecci\u00f3n de la Direcci\u00f3n General de Emergencias: \u00a0https:\/\/www.gobiernodecanarias.org\/emergencias\/alertas\/Alerta_vigente.html<\/p>\n<\/div>\n","protected":false},"excerpt":{"rendered":"<p>8 agosto, 2025 El PEIN se activa desde las 00.00 horas del 9 de agosto Se suspenden las actividades al aire libre organizadas por el Cabildo insular entre las 09.00 [&hellip;]<\/p>\n","protected":false},"author":1,"featured_media":9418,"comment_status":"open","ping_status":"open","sticky":false,"template":"","format":"standard","meta":{"inline_featured_image":false,"jnews-multi-image_gallery":[],"jnews_single_post":[],"jnews_primary_category":[],"jnews_social_meta":[],"jnews_override_counter":[],"jnews_post_split":[],"footnotes":""},"categories":[58],"tags":[69,82],"class_list":["post-9416","post","type-post","status-publish","format-standard","has-post-thumbnail","hentry","category-cabildo","tag-eventos","tag-fuerteventura"],"jetpack_featured_media_url":"https:\/\/informacionlocal.es\/wp-content\/uploads\/2025\/08\/recomendaciones-temperaturas-mc381ximas_-1-1_page-0001.jpg","_links":{"self":[{"href":"https:\/\/informacionlocal.es\/it\/wp-json\/wp\/v2\/posts\/9416","targetHints":{"allow":["GET"]}}],"collection":[{"href":"https:\/\/informacionlocal.es\/it\/wp-json\/wp\/v2\/posts"}],"about":[{"href":"https:\/\/informacionlocal.es\/it\/wp-json\/wp\/v2\/types\/post"}],"author":[{"embeddable":true,"href":"https:\/\/informacionlocal.es\/it\/wp-json\/wp\/v2\/users\/1"}],"replies":[{"embeddable":true,"href":"https:\/\/informacionlocal.es\/it\/wp-json\/wp\/v2\/comments?post=9416"}],"version-history":[{"count":0,"href":"https:\/\/informacionlocal.es\/it\/wp-json\/wp\/v2\/posts\/9416\/revisions"}],"wp:featuredmedia":[{"embeddable":true,"href":"https:\/\/informacionlocal.es\/it\/wp-json\/wp\/v2\/media\/9418"}],"wp:attachment":[{"href":"https:\/\/informacionlocal.es\/it\/wp-json\/wp\/v2\/media?parent=9416"}],"wp:term":[{"taxonomy":"category","embeddable":true,"href":"https:\/\/informacionlocal.es\/it\/wp-json\/wp\/v2\/categories?post=9416"},{"taxonomy":"post_tag","embeddable":true,"href":"https:\/\/informacionlocal.es\/it\/wp-json\/wp\/v2\/tags?post=9416"}],"curies":[{"name":"wp","href":"https:\/\/api.w.org\/{rel}","templated":true}]}}