{"id":9354,"date":"2025-08-08T12:17:57","date_gmt":"2025-08-08T11:17:57","guid":{"rendered":"https:\/\/informacionlocal.es\/el-ayuntamiento-de-pajara-colabora-con-el-proyecto-mia-canarias\/"},"modified":"2025-08-08T12:17:57","modified_gmt":"2025-08-08T11:17:57","slug":"el-ayuntamiento-de-pajara-colabora-con-el-proyecto-mia-canarias","status":"publish","type":"post","link":"https:\/\/informacionlocal.es\/it\/el-ayuntamiento-de-pajara-colabora-con-el-proyecto-mia-canarias\/","title":{"rendered":"El Ayuntamiento de P\u00e1jara colabora con el Proyecto M\u00eda Canarias\u00a0"},"content":{"rendered":"<div class=\"entry-content\">\n<p><b><i>La iniciativa ofrecer\u00e1 orientaci\u00f3n y formaci\u00f3n para fomentar la inserci\u00f3n laboral y social de mujeres desempleadas del municipio<\/i><\/b><\/p>\n<p><span>La Concejal\u00eda de Servicios Sociales del Ayuntamiento de P\u00e1jara colabora con el Proyecto M\u00eda Canarias, una iniciativa de Fundaci\u00f3n ECCA Social financiada por el Fondo Social Europeo y el Ministerio de Trabajo.\u00a0<\/span><\/p>\n<p><span>El proyecto ofrecer\u00e1 servicios especializados dirigidos a mujeres desempleadas, entre 16 y 64 a\u00f1os, inscritas como demandantes de empleo, que se encuentren en situaci\u00f3n de riesgo de exclusi\u00f3n social o que sean resilientes frente a la violencia de g\u00e9nero.\u00a0<\/span><\/p>\n<p><span>La concejala del \u00e1rea, Kathaisa Rodr\u00edguez, destaca el compromiso del Ayuntamiento para \u201cfacilitar la inserci\u00f3n laboral y social de las mujeres vulnerables de nuestro municipio\u201d. Asimismo, a\u00f1ade que \u201cdesde el Consistorio queremos garantizar que estas mujeres no solo reciban apoyo t\u00e9cnico y formativo, sino tambi\u00e9n acompa\u00f1amiento integral que atienda sus necesidades personales y sociales\u201d.\u00a0<\/span><\/p>\n<p><span>El objetivo del Proyecto Mia Canarias es mejorar la empleabilidad, fomentar la inclusi\u00f3n social y promover la igualdad de oportunidades, a trav\u00e9s de un conjunto de acciones que incluyen orientaci\u00f3n sociolaboral, asesoramiento psicosocial y jur\u00eddico, talleres, formaciones, gesti\u00f3n de pr\u00e1cticas en empresas, y prospecci\u00f3n e intermediaci\u00f3n laboral.\u00a0\u00a0<\/span><\/p>\n<p><span>Este servicio se ofrecer\u00e1 generalmente los mi\u00e9rcoles en la Casa de la Juventud de Morro Jable, previa solicitud de cita. Para m\u00e1s informaci\u00f3n puede contactar a trav\u00e9s del correo electr\u00f3nico <\/span><span>mia.canarias@eccasocial.org<\/span><\/p>\n<p><img fetchpriority=\"high\" decoding=\"async\" class=\"alignnone size-medium wp-image-20746\" src=\"https:\/\/informacionlocal.es\/wp-content\/uploads\/2025\/08\/mia-png-212x300-1.png\" width=\"212\" height=\"300\" title=\"mia-png-212x300-1\"><\/p>\n<\/div>\n","protected":false},"excerpt":{"rendered":"<p><i>La iniciativa ofrecer\u00e1 orientaci\u00f3n y formaci\u00f3n para fomentar la inserci\u00f3n laboral y social de mujeres desempleadas del municipio<\/i><\/p>\n","protected":false},"author":1,"featured_media":9356,"comment_status":"open","ping_status":"open","sticky":false,"template":"","format":"standard","meta":{"inline_featured_image":false,"jnews-multi-image_gallery":[],"jnews_single_post":[],"jnews_primary_category":[],"jnews_social_meta":[],"jnews_override_counter":[],"jnews_post_split":[],"footnotes":""},"categories":[63],"tags":[],"class_list":["post-9354","post","type-post","status-publish","format-standard","has-post-thumbnail","hentry","category-pajara"],"jetpack_featured_media_url":"https:\/\/informacionlocal.es\/wp-content\/uploads\/2025\/08\/proyecto-mia-canarias.png","_links":{"self":[{"href":"https:\/\/informacionlocal.es\/it\/wp-json\/wp\/v2\/posts\/9354","targetHints":{"allow":["GET"]}}],"collection":[{"href":"https:\/\/informacionlocal.es\/it\/wp-json\/wp\/v2\/posts"}],"about":[{"href":"https:\/\/informacionlocal.es\/it\/wp-json\/wp\/v2\/types\/post"}],"author":[{"embeddable":true,"href":"https:\/\/informacionlocal.es\/it\/wp-json\/wp\/v2\/users\/1"}],"replies":[{"embeddable":true,"href":"https:\/\/informacionlocal.es\/it\/wp-json\/wp\/v2\/comments?post=9354"}],"version-history":[{"count":0,"href":"https:\/\/informacionlocal.es\/it\/wp-json\/wp\/v2\/posts\/9354\/revisions"}],"wp:featuredmedia":[{"embeddable":true,"href":"https:\/\/informacionlocal.es\/it\/wp-json\/wp\/v2\/media\/9356"}],"wp:attachment":[{"href":"https:\/\/informacionlocal.es\/it\/wp-json\/wp\/v2\/media?parent=9354"}],"wp:term":[{"taxonomy":"category","embeddable":true,"href":"https:\/\/informacionlocal.es\/it\/wp-json\/wp\/v2\/categories?post=9354"},{"taxonomy":"post_tag","embeddable":true,"href":"https:\/\/informacionlocal.es\/it\/wp-json\/wp\/v2\/tags?post=9354"}],"curies":[{"name":"wp","href":"https:\/\/api.w.org\/{rel}","templated":true}]}}