{"id":9330,"date":"2025-08-06T13:58:39","date_gmt":"2025-08-06T12:58:39","guid":{"rendered":"https:\/\/informacionlocal.es\/triquivijate-celebra-sus-fiestas-en-honor-a-san-isidro-labrador-y-santa-maria-de-la-cabeza\/"},"modified":"2025-08-06T13:58:39","modified_gmt":"2025-08-06T12:58:39","slug":"triquivijate-celebra-sus-fiestas-en-honor-a-san-isidro-labrador-y-santa-maria-de-la-cabeza","status":"publish","type":"post","link":"https:\/\/informacionlocal.es\/it\/triquivijate-celebra-sus-fiestas-en-honor-a-san-isidro-labrador-y-santa-maria-de-la-cabeza\/","title":{"rendered":"Triquivijate celebra sus Fiestas en Honor a San Isidro Labrador y Santa Mar\u00eda de La Cabeza"},"content":{"rendered":"<div class=\"elementor-widget-container\">\n<p><strong>Triquivijate celebra sus Fiestas en Honor a San Isidro Labrador y Santa Mar\u00eda de La Cabeza<\/strong><\/p>\n<p><strong>\u2022 Este jueves 7 de agosto desde las 18:00 horas, Fiesta Inocente con las actuaciones de Flor, D\u00fao de Moda y Mejor con Copas.<\/strong><\/p>\n<p><strong>\u2022 Fin de semana principal de las Fiestas de Triquivijate con Gala y Fiestas Infantiles, Verbenas con Gente Nueva, Grupo Arena, Kandela, Kalibre y la orquesta Banda Nueva.<\/strong><\/p>\n<p><strong>\u2022 El domingo 10 de agosto, funci\u00f3n religiosa y procesi\u00f3n en Honor a San Isidro Labrador y Santa Mar\u00eda de La Cabeza.<\/strong><\/p>\n<p>Triquivijate viene celebrando esta semana las Fiestas en Honor a San Isidro Labrador y Santa Mar\u00eda de La Cabeza con tardes dedicadas a los m\u00e1s peque\u00f1os y peque\u00f1as, torneos y concursos y desde este jueves actuaciones musicales para disfrutar de la fresca de la noche y hasta la madrugada, afirma el alcalde, Mat\u00edas Pe\u00f1a Garc\u00eda.<\/p>\n<p>Un programa festivo organizado por el Ayuntamiento de Antigua desde la concejal\u00eda de Festejos con la imprescindible colaboraci\u00f3n de la Comisi\u00f3n de Fiestas, se\u00f1ala el concejal de \u00e1rea, Pedro M. Armas Mart\u00edn, y que desde la noche de este jueves y hasta la madrugada del s\u00e1bado 9 de agosto, dispondr\u00e1 de un Servicio Especial de Taxis, para disfrutar con responsabilidad.<\/p>\n<p>El Jueves desde las 18:00 horas y hasta la noche, Fiesta Inocente con actuaciones de Flor, D\u00fao de Moda y Mejor con Copas, la tarde del viernes 8 comienza con Gala Infantil y por la noche desde las 23:00 horas, Verbena con Gente Nueva y Grupo Arena.<\/p>\n<p>El s\u00e1bado, detalla el concejal Pedro M. Armas, comienza con Torneo de f\u00fatbol y brindis para asistentes por la ma\u00f1ana, seguido de Fiesta Infantil con hinchables y ca\u00f1\u00f3n de espuma, retomando fuerzas hasta la noche, cuando comience la segunda Verbena desde las 22:00 horas, con el popular grupo Kandela, la actuaci\u00f3n de Kalibre y para cerrar la Orquesta Banda Nueva.<\/p>\n<p>Y para concluir estas Fiestas de Triquivijate, a\u00f1ade el concejal, el domingo 10 a las 20:00 horas se celebra la Funci\u00f3n Religiosa y Procesi\u00f3n en Honor a San Isidro Labrador y Santa Mar\u00eda de La Cabeza acompa\u00f1ada de la Parranda Montejanana.<\/p>\n<p>\u00a0<\/p>\n<\/div>\n","protected":false},"excerpt":{"rendered":"<p><strong>Triquivijate celebra sus Fiestas en Honor a San Isidro Labrador y Santa Mar\u00eda de La Cabeza<\/strong><\/p>\n","protected":false},"author":1,"featured_media":9332,"comment_status":"open","ping_status":"open","sticky":false,"template":"","format":"standard","meta":{"inline_featured_image":false,"jnews-multi-image_gallery":[],"jnews_single_post":[],"jnews_primary_category":[],"jnews_social_meta":[],"jnews_override_counter":[],"jnews_post_split":[],"footnotes":""},"categories":[59],"tags":[],"class_list":["post-9330","post","type-post","status-publish","format-standard","has-post-thumbnail","hentry","category-antigua"],"jetpack_featured_media_url":"https:\/\/informacionlocal.es\/wp-content\/uploads\/2025\/08\/fiestas-triquivijate.jpg","_links":{"self":[{"href":"https:\/\/informacionlocal.es\/it\/wp-json\/wp\/v2\/posts\/9330","targetHints":{"allow":["GET"]}}],"collection":[{"href":"https:\/\/informacionlocal.es\/it\/wp-json\/wp\/v2\/posts"}],"about":[{"href":"https:\/\/informacionlocal.es\/it\/wp-json\/wp\/v2\/types\/post"}],"author":[{"embeddable":true,"href":"https:\/\/informacionlocal.es\/it\/wp-json\/wp\/v2\/users\/1"}],"replies":[{"embeddable":true,"href":"https:\/\/informacionlocal.es\/it\/wp-json\/wp\/v2\/comments?post=9330"}],"version-history":[{"count":0,"href":"https:\/\/informacionlocal.es\/it\/wp-json\/wp\/v2\/posts\/9330\/revisions"}],"wp:featuredmedia":[{"embeddable":true,"href":"https:\/\/informacionlocal.es\/it\/wp-json\/wp\/v2\/media\/9332"}],"wp:attachment":[{"href":"https:\/\/informacionlocal.es\/it\/wp-json\/wp\/v2\/media?parent=9330"}],"wp:term":[{"taxonomy":"category","embeddable":true,"href":"https:\/\/informacionlocal.es\/it\/wp-json\/wp\/v2\/categories?post=9330"},{"taxonomy":"post_tag","embeddable":true,"href":"https:\/\/informacionlocal.es\/it\/wp-json\/wp\/v2\/tags?post=9330"}],"curies":[{"name":"wp","href":"https:\/\/api.w.org\/{rel}","templated":true}]}}