{"id":9291,"date":"2025-08-04T20:58:43","date_gmt":"2025-08-04T19:58:43","guid":{"rendered":"https:\/\/informacionlocal.es\/il-municipio-di-puerto-del-rosario-lancia-i-laboratori-di-agosto-creativo-per-i-bambini\/"},"modified":"2025-08-04T20:58:43","modified_gmt":"2025-08-04T19:58:43","slug":"il-municipio-di-puerto-del-rosario-lancia-i-laboratori-di-agosto-creativo-per-i-bambini","status":"publish","type":"post","link":"https:\/\/informacionlocal.es\/it\/il-municipio-di-puerto-del-rosario-lancia-i-laboratori-di-agosto-creativo-per-i-bambini\/","title":{"rendered":"Il Municipio di Puerto del Rosario lancia i laboratori di agosto creativo per i bambini."},"content":{"rendered":"<div class=\"entry-content\">\n<p>Il Comune di Puerto del Rosario, attraverso il Dipartimento di Cultura, ha organizzato una serie di attivit\u00e0 ludiche per i bambini.<\/p>\n<p>Si svolgeranno presso la Casa della Cultura (Calle Ramiro de Maeztu, 1).<\/p>\n<p>La registrazione \u00e8 gratuita e pu\u00f2 essere effettuata chiamando il seguente numero di telefono <strong><u>928 85 94 40<\/u><\/strong> o inviando un&#8217;e-mail a <strong><u>bibliotecamunicipal89@gmail.com.<\/u><\/strong><\/p>\n<p>Il programma previsto comprende:<\/p>\n<ul>\n<li>05\/08 Racconto di storie<\/li>\n<li>06\/08 Laboratorio estivo di hobbistica<\/li>\n<li>07\/08 <em>Storytelling!<\/em> Racconto in inglese<\/li>\n<li>12\/08 Laboratorio di scrittura creativa per famiglie<\/li>\n<li>13\/08 Laboratorio cinematografico<\/li>\n<li>14\/08 Laboratorio estivo di hobbistica in inglese<\/li>\n<li>19\/08 Laboratorio del libro senza parole<\/li>\n<li>20\/08 Narrazione<\/li>\n<li>21\/08 Laboratorio di giochi<\/li>\n<li>22\/08 Cineforum per bambini<\/li>\n<\/ul>\n<p>Per il sindaco della capitale, <strong>David de Vera<\/strong>, &#8220;durante l&#8217;estate \u00e8 fondamentale che i pi\u00f9 piccoli possano continuare a crescere attraverso il gioco, la lettura e la creativit\u00e0. Il Comune si impegna per un&#8217;offerta culturale varia e gratuita che raggiunga tutte le famiglie&#8221;.<\/p>\n<p>L&#8217;assessore alla Cultura, <strong>Juan Manuel Verdugo<\/strong>, ha dichiarato che &#8220;questi laboratori sono pensati per risvegliare l&#8217;immaginazione dei bambini, sempre con il supporto di professionisti qualificati. La nostra priorit\u00e0 \u00e8 offrire spazi sicuri e arricchenti dove possano imparare, divertirsi e condividere&#8221;.<\/p>\n<\/div>\n","protected":false},"excerpt":{"rendered":"<p>Il Comune di Puerto del Rosario, attraverso il Dipartimento di Cultura, ha organizzato una serie di attivit\u00e0 ludiche per i bambini. Si svolgeranno presso la Casa della Cultura (Calle Ramiro [&hellip;]<\/p>\n","protected":false},"author":1,"featured_media":9287,"comment_status":"open","ping_status":"open","sticky":false,"template":"","format":"standard","meta":{"inline_featured_image":false,"jnews-multi-image_gallery":[],"jnews_single_post":[],"jnews_primary_category":[],"jnews_social_meta":[],"jnews_override_counter":[],"jnews_post_split":[],"footnotes":""},"categories":[295],"tags":[],"class_list":["post-9291","post","type-post","status-publish","format-standard","has-post-thumbnail","hentry","category-puerto-del-rosario-it"],"jetpack_featured_media_url":"https:\/\/informacionlocal.es\/wp-content\/uploads\/2025\/08\/agosto-creativo-22.jpg","_links":{"self":[{"href":"https:\/\/informacionlocal.es\/it\/wp-json\/wp\/v2\/posts\/9291","targetHints":{"allow":["GET"]}}],"collection":[{"href":"https:\/\/informacionlocal.es\/it\/wp-json\/wp\/v2\/posts"}],"about":[{"href":"https:\/\/informacionlocal.es\/it\/wp-json\/wp\/v2\/types\/post"}],"author":[{"embeddable":true,"href":"https:\/\/informacionlocal.es\/it\/wp-json\/wp\/v2\/users\/1"}],"replies":[{"embeddable":true,"href":"https:\/\/informacionlocal.es\/it\/wp-json\/wp\/v2\/comments?post=9291"}],"version-history":[{"count":0,"href":"https:\/\/informacionlocal.es\/it\/wp-json\/wp\/v2\/posts\/9291\/revisions"}],"wp:featuredmedia":[{"embeddable":true,"href":"https:\/\/informacionlocal.es\/it\/wp-json\/wp\/v2\/media\/9287"}],"wp:attachment":[{"href":"https:\/\/informacionlocal.es\/it\/wp-json\/wp\/v2\/media?parent=9291"}],"wp:term":[{"taxonomy":"category","embeddable":true,"href":"https:\/\/informacionlocal.es\/it\/wp-json\/wp\/v2\/categories?post=9291"},{"taxonomy":"post_tag","embeddable":true,"href":"https:\/\/informacionlocal.es\/it\/wp-json\/wp\/v2\/tags?post=9291"}],"curies":[{"name":"wp","href":"https:\/\/api.w.org\/{rel}","templated":true}]}}