{"id":9266,"date":"2025-08-04T19:01:26","date_gmt":"2025-08-04T18:01:26","guid":{"rendered":"https:\/\/informacionlocal.es\/25-giovani-imparano-linglese-in-irlanda-grazie-alle-borse-di-studio-per-limmersione-linguistica-del-consiglio-dellisola-di-fuerteventura\/"},"modified":"2025-08-04T19:01:26","modified_gmt":"2025-08-04T18:01:26","slug":"25-giovani-imparano-linglese-in-irlanda-grazie-alle-borse-di-studio-per-limmersione-linguistica-del-consiglio-dellisola-di-fuerteventura","status":"publish","type":"post","link":"https:\/\/informacionlocal.es\/it\/25-giovani-imparano-linglese-in-irlanda-grazie-alle-borse-di-studio-per-limmersione-linguistica-del-consiglio-dellisola-di-fuerteventura\/","title":{"rendered":"25 giovani imparano l&#8217;inglese in Irlanda grazie alle borse di studio per l&#8217;immersione linguistica del Consiglio dell&#8217;isola di Fuerteventura"},"content":{"rendered":"<div class=\"entry-content\"><strong>4 agosto 2025<\/strong><\/p>\n<p><em><strong>  Dopo sei mesi di formazione online, gli studenti iniziano quattro settimane di vita e studio nel Paese anglosassone.<\/strong><\/em><\/p>\n<p>Un gruppo di 25 giovani di Fuerteventura sta imparando l&#8217;inglese in Irlanda, grazie alle borse di studio di immersione linguistica del Consiglio dell&#8217;isola. Dopo sei mesi di formazione online sull&#8217;isola, i beneficiari delle borse di studio si trovano ora nel Paese anglosassone, dove vivranno un&#8217;esperienza educativa e culturale che permetter\u00e0 loro di praticare la lingua in contesti reali durante il mese di agosto. <\/p>\n<p>L&#8217;Assessore all&#8217;Educazione, Adargoma Hern\u00e1ndez, si \u00e8 rallegrato del fatto che la borsa di studio sia giunta alla fase internazionale, un&#8217;esperienza che segner\u00e0 il loro sviluppo accademico e personale. Hern\u00e1ndez ha anche ricordato che il bando per queste borse di studio risponde all&#8217;impegno del Cabildo per le pari opportunit\u00e0 e la formazione linguistica di qualit\u00e0 per i giovani dell&#8217;isola. <\/p>\n<p>Durante il loro soggiorno, gli studenti di 15-16 anni alterneranno lezioni di perfezionamento della lingua inglese ad attivit\u00e0 culturali, sportive e di volontariato locale, volte a rafforzare le loro capacit\u00e0 di ascolto e di conversazione, nonch\u00e9 la loro autonomia e adattabilit\u00e0.  <\/p>\n<\/div>\n","protected":false},"excerpt":{"rendered":"<p>4 agosto 2025 Dopo sei mesi di formazione online, gli studenti iniziano quattro settimane di vita e studio nel Paese anglosassone. Un gruppo di 25 giovani di Fuerteventura sta imparando [&hellip;]<\/p>\n","protected":false},"author":1,"featured_media":9263,"comment_status":"open","ping_status":"open","sticky":false,"template":"","format":"standard","meta":{"inline_featured_image":false,"jnews-multi-image_gallery":[],"jnews_single_post":[],"jnews_primary_category":[],"jnews_social_meta":[],"jnews_override_counter":[],"jnews_post_split":[],"footnotes":""},"categories":[289],"tags":[309,223],"class_list":["post-9266","post","type-post","status-publish","format-standard","has-post-thumbnail","hentry","category-cabildo-it","tag-educacion-it","tag-fuerteventura-it"],"jetpack_featured_media_url":"https:\/\/informacionlocal.es\/wp-content\/uploads\/2025\/08\/inmersic3b3n.jpg","_links":{"self":[{"href":"https:\/\/informacionlocal.es\/it\/wp-json\/wp\/v2\/posts\/9266","targetHints":{"allow":["GET"]}}],"collection":[{"href":"https:\/\/informacionlocal.es\/it\/wp-json\/wp\/v2\/posts"}],"about":[{"href":"https:\/\/informacionlocal.es\/it\/wp-json\/wp\/v2\/types\/post"}],"author":[{"embeddable":true,"href":"https:\/\/informacionlocal.es\/it\/wp-json\/wp\/v2\/users\/1"}],"replies":[{"embeddable":true,"href":"https:\/\/informacionlocal.es\/it\/wp-json\/wp\/v2\/comments?post=9266"}],"version-history":[{"count":0,"href":"https:\/\/informacionlocal.es\/it\/wp-json\/wp\/v2\/posts\/9266\/revisions"}],"wp:featuredmedia":[{"embeddable":true,"href":"https:\/\/informacionlocal.es\/it\/wp-json\/wp\/v2\/media\/9263"}],"wp:attachment":[{"href":"https:\/\/informacionlocal.es\/it\/wp-json\/wp\/v2\/media?parent=9266"}],"wp:term":[{"taxonomy":"category","embeddable":true,"href":"https:\/\/informacionlocal.es\/it\/wp-json\/wp\/v2\/categories?post=9266"},{"taxonomy":"post_tag","embeddable":true,"href":"https:\/\/informacionlocal.es\/it\/wp-json\/wp\/v2\/tags?post=9266"}],"curies":[{"name":"wp","href":"https:\/\/api.w.org\/{rel}","templated":true}]}}