{"id":9256,"date":"2025-08-04T18:00:07","date_gmt":"2025-08-04T17:00:07","guid":{"rendered":"https:\/\/informacionlocal.es\/puerto-del-rosario-migliora-laccessibilita-e-la-mobilita-pedonale-in-diverse-aree-del-comune\/"},"modified":"2025-08-04T18:00:07","modified_gmt":"2025-08-04T17:00:07","slug":"puerto-del-rosario-migliora-laccessibilita-e-la-mobilita-pedonale-in-diverse-aree-del-comune","status":"publish","type":"post","link":"https:\/\/informacionlocal.es\/it\/puerto-del-rosario-migliora-laccessibilita-e-la-mobilita-pedonale-in-diverse-aree-del-comune\/","title":{"rendered":"Puerto del Rosario migliora l&#8217;accessibilit\u00e0 e la mobilit\u00e0 pedonale in diverse aree del comune."},"content":{"rendered":"<div class=\"entry-content\">\n<p>Il Comune di Puerto del Rosario informa della pubblicazione del bando di gara per la redazione del progetto per la realizzazione dell&#8217;Itinerario Pedonale Accessibile L2, con l&#8217;obiettivo di migliorare l&#8217;accessibilit\u00e0 e la mobilit\u00e0 pedonale tra i quartieri di Fabelo Alto, Fabelo Bajo, Buenavista e La Charca.<\/p>\n<p>Questa azione \u00e8 promossa dal Dipartimento Mobilit\u00e0 e Accessibilit\u00e0,<\/p>\n<p>e fa parte dell&#8217;impegno comunale per costruire una citt\u00e0 pi\u00f9 amichevole, sicura e inclusiva, dove tutte le persone possano muoversi in modo indipendente e a parit\u00e0 di condizioni.<\/p>\n<p>Il periodo di esposizione al pubblico dura fino al 18 agosto 2025.<\/p>\n<p>Per il <strong>sindaco, David de Vera,<\/strong> &#8220;\u00e8 essenziale continuare a lavorare sulla pianificazione delle aree pedonali dove facilitare gli spostamenti di residenti e visitatori, in un comune che continua a crescere, con 47.000 abitanti registrati, e che deve affrontare diverse sfide di mobilit\u00e0&#8221;.<\/p>\n<p>L&#8217;<strong>assessore alla Mobilit\u00e0 e all&#8217;Accessibilit\u00e0, To\u00f1i Fdez Arag\u00f3n, ha<\/strong> sottolineato &#8220;il lavoro, sia sul campo che a livello legislativo, tecnico e amministrativo, per poter portare a termine questi eccezionali obiettivi che mirano a sviluppare diverse aree pedonali che rendano gli spostamenti pi\u00f9 confortevoli e facilitino la mobilit\u00e0 e l&#8217;accessibilit\u00e0 di tutti i cittadini&#8221;.<\/p>\n<p>Il Comune continua a lavorare per garantire il diritto a una mobilit\u00e0 dignitosa, sostenibile e accessibile a tutti i residenti di Puerto del Rosario.<\/p>\n<\/p>\n<\/div>\n","protected":false},"excerpt":{"rendered":"<p>Il Comune di Puerto del Rosario informa della pubblicazione del bando di gara per la redazione del progetto per la realizzazione dell&#8217;Itinerario Pedonale Accessibile L2, con l&#8217;obiettivo di migliorare l&#8217;accessibilit\u00e0 [&hellip;]<\/p>\n","protected":false},"author":1,"featured_media":9251,"comment_status":"open","ping_status":"open","sticky":false,"template":"","format":"standard","meta":{"inline_featured_image":false,"jnews-multi-image_gallery":[],"jnews_single_post":[],"jnews_primary_category":[],"jnews_social_meta":[],"jnews_override_counter":[],"jnews_post_split":[],"footnotes":""},"categories":[295],"tags":[],"class_list":["post-9256","post","type-post","status-publish","format-standard","has-post-thumbnail","hentry","category-puerto-del-rosario-it"],"jetpack_featured_media_url":"https:\/\/informacionlocal.es\/wp-content\/uploads\/2025\/08\/peatonal-25-accesibilidad-y-movilidad.jpeg","_links":{"self":[{"href":"https:\/\/informacionlocal.es\/it\/wp-json\/wp\/v2\/posts\/9256","targetHints":{"allow":["GET"]}}],"collection":[{"href":"https:\/\/informacionlocal.es\/it\/wp-json\/wp\/v2\/posts"}],"about":[{"href":"https:\/\/informacionlocal.es\/it\/wp-json\/wp\/v2\/types\/post"}],"author":[{"embeddable":true,"href":"https:\/\/informacionlocal.es\/it\/wp-json\/wp\/v2\/users\/1"}],"replies":[{"embeddable":true,"href":"https:\/\/informacionlocal.es\/it\/wp-json\/wp\/v2\/comments?post=9256"}],"version-history":[{"count":0,"href":"https:\/\/informacionlocal.es\/it\/wp-json\/wp\/v2\/posts\/9256\/revisions"}],"wp:featuredmedia":[{"embeddable":true,"href":"https:\/\/informacionlocal.es\/it\/wp-json\/wp\/v2\/media\/9251"}],"wp:attachment":[{"href":"https:\/\/informacionlocal.es\/it\/wp-json\/wp\/v2\/media?parent=9256"}],"wp:term":[{"taxonomy":"category","embeddable":true,"href":"https:\/\/informacionlocal.es\/it\/wp-json\/wp\/v2\/categories?post=9256"},{"taxonomy":"post_tag","embeddable":true,"href":"https:\/\/informacionlocal.es\/it\/wp-json\/wp\/v2\/tags?post=9256"}],"curies":[{"name":"wp","href":"https:\/\/api.w.org\/{rel}","templated":true}]}}