{"id":9218,"date":"2025-08-04T11:59:47","date_gmt":"2025-08-04T10:59:47","guid":{"rendered":"https:\/\/informacionlocal.es\/fuerteventura-approfitta-dei-picchi-di-vendita-in-scandinavia-per-rafforzare-la-sua-offerta-in-un-mercato-con-unalta-capacita-di-spesa\/"},"modified":"2025-08-04T11:59:47","modified_gmt":"2025-08-04T10:59:47","slug":"fuerteventura-approfitta-dei-picchi-di-vendita-in-scandinavia-per-rafforzare-la-sua-offerta-in-un-mercato-con-unalta-capacita-di-spesa","status":"publish","type":"post","link":"https:\/\/informacionlocal.es\/it\/fuerteventura-approfitta-dei-picchi-di-vendita-in-scandinavia-per-rafforzare-la-sua-offerta-in-un-mercato-con-unalta-capacita-di-spesa\/","title":{"rendered":"Fuerteventura approfitta dei picchi di vendita in Scandinavia per rafforzare la sua offerta in un mercato con un&#8217;alta capacit\u00e0 di spesa."},"content":{"rendered":"<div class=\"entry-content\"><strong>4 agosto 2025<\/strong><\/p>\n<p><em><strong>Nel mese di agosto, il Turismo sta svolgendo azioni professionali a Helsinki, Stoccolma e Copenaghen per portare un turismo tranquillo che cerca un servizio di qualit\u00e0 e un ambiente naturale sostenibile.<\/strong><\/em><\/p>\n<p><em><strong>Marlene Figueroa: &#8220;I Paesi scandinavi sono un obiettivo strategico, cos\u00ec come il mantenimento del mercato nazionale e i collegamenti regolari con Madrid, Siviglia, Malaga e Barcellona&#8221;.<\/strong><\/em><\/p>\n<p>Il turismo ha iniziato ad attuare un piano di lavoro per l&#8217;ultima parte dell&#8217;anno che si concentra su due obiettivi strategici, i Paesi scandinavi e il mercato interno, oltre al consueto appuntamento a Londra con il World Travel Market e altri settori. L&#8217;importanza di questi obiettivi \u00e8 la loro capacit\u00e0 di influenzare la qualit\u00e0 della vita a Fuerteventura. <\/p>\n<p>L&#8217;assessore al Turismo del Consiglio dell&#8217;isola di Fuerteventura, Marlene Figueroa, spiega che &#8220;i Paesi scandinavi sono un obiettivo strategico per Fuerteventura perch\u00e9 la loro capacit\u00e0 di spesa e i tipi di servizi che richiedono e la loro qualit\u00e0, in entrambi i casi superiore alla media dei turisti, sono una spinta per il settore sull&#8217;isola&#8221;.<\/p>\n<p>&#8220;Riconquistare la fiducia dei mercati scandinavi \u00e8 un messaggio positivo per i futuri clienti e per i professionisti dell&#8217;industria alberghiera e della ristorazione maiorchina&#8221;, afferma Marlene Figueroa.<\/p>\n<p>La tabella di marcia del turismo per recuperare il mercato scandinavo sfrutta i picchi di vendita che si verificano in agosto in Finlandia, Svezia, Danimarca e Norvegia per presentare la nostra offerta in loco. Questi incontri professionali si svolgeranno nelle prossime settimane a Helsinki, Stoccolma e Copenaghen con l&#8217;aiuto delle ambasciate spagnole e con la partecipazione di diverse catene alberghiere dell&#8217;isola e di Oasis Wildlife Fuerteventura. <\/p>\n<p>Vale la pena ricordare che la spesa media giornaliera nella destinazione, voli esclusi, di un turista finlandese \u00e8 di 158 euro, quella di un turista svedese \u00e8 di 128,3 euro e quella di un turista norvegese \u00e8 di 108,3 euro. Inoltre, durante queste conferenze professionali sul mercato scandinavo, saranno evidenziati i voli regolari da Copenaghen (Danimarca) a Fuerteventura, che inizieranno nel novembre 2025 con la compagnia aerea SAS. <\/p>\n<h5>Mercato nazionale e collegamenti regolari<\/h5>\n<p>Il secondo obiettivo strategico fissato da Turismo per il tratto finale del 2025 \u00e8 quello di consolidare il mercato nazionale e, con esso, garantire collegamenti aerei regolari tra Fuerteventura e le principali citt\u00e0 del continente.<\/p>\n<p>&#8220;Per Fuerteventura, ottenere un nuovo collegamento regolare e diretto con un&#8217;altra parte della Spagna significa avere un ponte aperto all&#8217;arrivo dei visitatori, ma significa anche che i Majoreros e le Majoreras hanno lo stesso ponte per partire e collegarsi senza sosta con il resto del Paese&#8221;, afferma il Ministro del Turismo, Marlene Figueroa.<\/p>\n<p>Per questo motivo, le conferenze professionali previste a settembre a Madrid, Siviglia, Malaga e Barcellona hanno una doppia valenza: quella economica, dovuta all&#8217;afflusso di turisti, e quella sociale, in quanto forniscono ai residenti strumenti di collegamento con il mondo esterno dell&#8217;isola.<\/p>\n<p>&#8220;Una connettivit\u00e0 aerea regolare e diretta con la terraferma \u00e8 strategica per Fuerteventura per compensare la sua doppia insularit\u00e0&#8221;, afferma Marlene Figueroa, &#8220;e per garantire un profilo di clientela economicamente superiore agli standard dei charter o dei pacchetti turistici&#8221;.<\/p>\n<p>Per questo motivo, a settembre si svolgeranno azioni professionali a Madrid, Siviglia, Malaga e Barcellona in collaborazione con otto catene alberghiere dell&#8217;isola e con la partecipazione speciale di partner come Iberia Express, Vueling e Viajes El Corte Ingl\u00e9s. Questo rafforzer\u00e0 la regolare connettivit\u00e0 aerea con tutte queste citt\u00e0 verso Fuerteventura e motiver\u00e0 le vendite per la stagione invernale 2025\/26. Altri eventi professionali di rilievo nel calendario turistico agosto-dicembre 2025 sono il Distinguished Tourism Gala che si terr\u00e0 ad Antigua il 27 settembre, l&#8217;International Golf Travel Market (IGTM) a Cannes alla fine di ottobre, il World Travel Market a Londra all&#8217;inizio di novembre e l&#8217;IBTM a Barcellona (evento leader per l&#8217;industria degli incontri, incentivi, congressi ed eventi, MICE) alla fine di novembre. <\/p>\n<\/div>\n","protected":false},"excerpt":{"rendered":"<p>4 agosto 2025 Nel mese di agosto, il Turismo sta svolgendo azioni professionali a Helsinki, Stoccolma e Copenaghen per portare un turismo tranquillo che cerca un servizio di qualit\u00e0 e [&hellip;]<\/p>\n","protected":false},"author":1,"featured_media":9215,"comment_status":"open","ping_status":"open","sticky":false,"template":"","format":"standard","meta":{"inline_featured_image":false,"jnews-multi-image_gallery":[],"jnews_single_post":[],"jnews_primary_category":[],"jnews_social_meta":[],"jnews_override_counter":[],"jnews_post_split":[],"footnotes":""},"categories":[289],"tags":[308,223],"class_list":["post-9218","post","type-post","status-publish","format-standard","has-post-thumbnail","hentry","category-cabildo-it","tag-eventos-it","tag-fuerteventura-it"],"jetpack_featured_media_url":"https:\/\/informacionlocal.es\/wp-content\/uploads\/2025\/08\/turismo.jpg","_links":{"self":[{"href":"https:\/\/informacionlocal.es\/it\/wp-json\/wp\/v2\/posts\/9218","targetHints":{"allow":["GET"]}}],"collection":[{"href":"https:\/\/informacionlocal.es\/it\/wp-json\/wp\/v2\/posts"}],"about":[{"href":"https:\/\/informacionlocal.es\/it\/wp-json\/wp\/v2\/types\/post"}],"author":[{"embeddable":true,"href":"https:\/\/informacionlocal.es\/it\/wp-json\/wp\/v2\/users\/1"}],"replies":[{"embeddable":true,"href":"https:\/\/informacionlocal.es\/it\/wp-json\/wp\/v2\/comments?post=9218"}],"version-history":[{"count":0,"href":"https:\/\/informacionlocal.es\/it\/wp-json\/wp\/v2\/posts\/9218\/revisions"}],"wp:featuredmedia":[{"embeddable":true,"href":"https:\/\/informacionlocal.es\/it\/wp-json\/wp\/v2\/media\/9215"}],"wp:attachment":[{"href":"https:\/\/informacionlocal.es\/it\/wp-json\/wp\/v2\/media?parent=9218"}],"wp:term":[{"taxonomy":"category","embeddable":true,"href":"https:\/\/informacionlocal.es\/it\/wp-json\/wp\/v2\/categories?post=9218"},{"taxonomy":"post_tag","embeddable":true,"href":"https:\/\/informacionlocal.es\/it\/wp-json\/wp\/v2\/tags?post=9218"}],"curies":[{"name":"wp","href":"https:\/\/api.w.org\/{rel}","templated":true}]}}