{"id":9164,"date":"2025-08-02T11:58:22","date_gmt":"2025-08-02T10:58:22","guid":{"rendered":"https:\/\/informacionlocal.es\/successo-strepitoso-allinizio-del-caleta-sound-fest\/"},"modified":"2025-08-02T11:58:22","modified_gmt":"2025-08-02T10:58:22","slug":"successo-strepitoso-allinizio-del-caleta-sound-fest","status":"publish","type":"post","link":"https:\/\/informacionlocal.es\/it\/successo-strepitoso-allinizio-del-caleta-sound-fest\/","title":{"rendered":"Successo strepitoso all&#8217;inizio del Caleta Sound Fest"},"content":{"rendered":"<div class=\"elementor-widget-container\">\n<p><strong>Successo strepitoso all&#8217;inizio del Caleta Sound Fest<\/strong><\/p>\n<p><strong>Pi\u00f9 di 6.000 persone hanno affollato la Playa del Castillo nella serata di apertura del festival, superando ogni aspettativa.<\/strong><\/p>\n<p><strong>&#8211; Questo storico inizio consolida il Caleta Sound Fest come uno degli eventi musicali pi\u00f9 importanti dell&#8217;estate di Fuerteventura e delle Isole Canarie.<\/strong><\/p>\n<p>La prima edizione rinnovata del Caleta Sound Fest, tenutasi venerd\u00ec 1\u00b0 agosto sulla spiaggia di El Castillo, ha raggiunto una partecipazione storica, superando le 6.000 persone e stabilendo un record assoluto per l&#8217;apertura del festival.<\/p>\n<p>Organizzato dal Comune di Antigua dal Dipartimento del Turismo, dice il sindaco, Mat\u00edas Pe\u00f1a Garc\u00eda, siamo riusciti a recuperare dopo cinque anni di assenza il Beach Party con un nuovo format, moderno e rinnovato con il Caleta Sound Fest.<\/p>\n<p>Fin dal primo momento, aggiunge l&#8217;Assessore al Turismo, Kristina Rodewig, il Caleta Sound Fest \u00e8 iniziato nella migliore delle atmosfere, a partire dalle ore 17:00 con le esibizioni di Alma Rebelde, Eclipse Reggae, Paradise &#8211; Tribute to Coldplay, e ha chiuso la serata con Luck Ra, uno dei pi\u00f9 grandi esponenti del pop urbano latinoamericano; a chiudere questa prima giornata del Festival, il DJ Abi\u00e1n Reyes, che ha mantenuto alta l&#8217;energia fino alle prime ore del mattino.<\/p>\n<p>Per far fronte a questo afflusso insolito, che supera le aspettative, superando le 6.000 presenze nella prima serata.000 presenze il Caleta Sound Fest ha messo a disposizione un palco principale con aree distinte per il pubblico e aree riservate alle persone a mobilit\u00e0 ridotta, una moderna area gastronomica, un punto di informazione viola, un ampio accesso, oltre a una sicurezza rafforzata dalla Polizia Locale di Antigua, dalla Guardia Civil, dai vigili del fuoco, dalle ambulanze mediche e dalla sicurezza privata, a cui si aggiungono, dice Rodewig, servizi di trasporto notturno, taxi e autobus prolungati che hanno facilitato la mobilit\u00e0 dei partecipanti.<\/p>\n<p>Il festival prosegue sabato 2 agosto con un programma che prende il via alle 12:00 con musica dal vivo per oltre 12 ore, tra cui Aseres, Miss Band, Qu\u00e9 Chimba, Da Igual, e l&#8217;attesa performance conclusiva di Chambao, seguita da DJ Supersonikka.<\/p>\n<\/p>\n<\/div>\n","protected":false},"excerpt":{"rendered":"<p><strong>Successo strepitoso all&#8217;inizio del Caleta Sound Fest<\/strong><\/p>\n","protected":false},"author":1,"featured_media":9162,"comment_status":"open","ping_status":"open","sticky":false,"template":"","format":"standard","meta":{"inline_featured_image":false,"jnews-multi-image_gallery":[],"jnews_single_post":[],"jnews_primary_category":[],"jnews_social_meta":[],"jnews_override_counter":[],"jnews_post_split":[],"footnotes":""},"categories":[282],"tags":[223],"class_list":["post-9164","post","type-post","status-publish","format-standard","has-post-thumbnail","hentry","category-antigua-it","tag-fuerteventura-it"],"jetpack_featured_media_url":"https:\/\/informacionlocal.es\/wp-content\/uploads\/2025\/08\/250701_sound_castillo-26-scaled-1.jpg","_links":{"self":[{"href":"https:\/\/informacionlocal.es\/it\/wp-json\/wp\/v2\/posts\/9164","targetHints":{"allow":["GET"]}}],"collection":[{"href":"https:\/\/informacionlocal.es\/it\/wp-json\/wp\/v2\/posts"}],"about":[{"href":"https:\/\/informacionlocal.es\/it\/wp-json\/wp\/v2\/types\/post"}],"author":[{"embeddable":true,"href":"https:\/\/informacionlocal.es\/it\/wp-json\/wp\/v2\/users\/1"}],"replies":[{"embeddable":true,"href":"https:\/\/informacionlocal.es\/it\/wp-json\/wp\/v2\/comments?post=9164"}],"version-history":[{"count":0,"href":"https:\/\/informacionlocal.es\/it\/wp-json\/wp\/v2\/posts\/9164\/revisions"}],"wp:featuredmedia":[{"embeddable":true,"href":"https:\/\/informacionlocal.es\/it\/wp-json\/wp\/v2\/media\/9162"}],"wp:attachment":[{"href":"https:\/\/informacionlocal.es\/it\/wp-json\/wp\/v2\/media?parent=9164"}],"wp:term":[{"taxonomy":"category","embeddable":true,"href":"https:\/\/informacionlocal.es\/it\/wp-json\/wp\/v2\/categories?post=9164"},{"taxonomy":"post_tag","embeddable":true,"href":"https:\/\/informacionlocal.es\/it\/wp-json\/wp\/v2\/tags?post=9164"}],"curies":[{"name":"wp","href":"https:\/\/api.w.org\/{rel}","templated":true}]}}