{"id":9153,"date":"2025-08-02T01:01:07","date_gmt":"2025-08-02T00:01:07","guid":{"rendered":"https:\/\/informacionlocal.es\/antigua-organizza-il-1-campionato-sim-racing-a-fuerteventura\/"},"modified":"2025-08-02T01:01:07","modified_gmt":"2025-08-02T00:01:07","slug":"antigua-organizza-il-1-campionato-sim-racing-a-fuerteventura","status":"publish","type":"post","link":"https:\/\/informacionlocal.es\/it\/antigua-organizza-il-1-campionato-sim-racing-a-fuerteventura\/","title":{"rendered":"Antigua organizza il 1\u00b0 Campionato SIM Racing a Fuerteventura"},"content":{"rendered":"<div class=\"elementor-widget-container\">\n<p><strong>Antigua organizza il 1\u00b0 Campionato SIM Racing a Fuerteventura<\/strong><\/p>\n<p><strong>&#8211; Le iscrizioni al 1\u00b0 Campionato SIM Racing Antigua 2025 sono aperte fino al 20 agosto.<\/strong><br \/><strong>&#8211; L&#8217;iscrizione \u00e8 gratuita, le manche si svolgeranno online e la finale nei simulatori di ultima generazione nella Plaza de Antigua. <\/strong><br \/><strong>&#8211; Organizzato da Antigua Sports con la collaborazione di CD GuttySport e coordinato dal pilota Manuel Gutierrez Matoso e dal copilota Tino Vega Ramos.<\/strong><\/p>\n<p>Il Comune di Antigua, dal Dipartimento dello Sport, organizza il Campionato di Corsa I SIM a Fuerteventura e lo fa con la squadra campione di Manuel Guti\u00e9rrez Matoso e Tino Vega Ramos.<\/p>\n<p>Siamo grati al team motoristico principale, Manuel Guti\u00e9rrez e Tino Vega, per aver proposto questo Campionato SIM Rancing, che si tiene per la prima volta a Fuerteventura e la cui finale, con i pi\u00f9 avanzati simulatori motoristici, si terr\u00e0 nella piazza di Antigua&#8221;, afferma il sindaco, Mat\u00edas Pe\u00f1a Garc\u00eda.<\/p>\n<p>L&#8217;iscrizione \u00e8 gratuita e il termine \u00e8 aperto fino al 20 agosto, con le manche che si svolgeranno virtualmente accedendo all&#8217;applicazione del simulatore di un circuito di rally su pista sterrata con timer e penalit\u00e0 per l&#8217;uscita dalla pista, spiega l&#8217;assessore allo Sport, Samuel Torres.<\/p>\n<p>Dopo le manches, la finale si terr\u00e0 nella piazza della citt\u00e0 di Antigua, durante la celebrazione della festa patronale di domenica 7 settembre, sui simulatori di guida CarCross di ultima generazione.<\/p>\n<\/div>\n","protected":false},"excerpt":{"rendered":"<p><strong>Antigua organizza il 1\u00b0 Campionato SIM Racing a Fuerteventura<\/strong><\/p>\n","protected":false},"author":1,"featured_media":9150,"comment_status":"open","ping_status":"open","sticky":false,"template":"","format":"standard","meta":{"inline_featured_image":false,"jnews-multi-image_gallery":[],"jnews_single_post":[],"jnews_primary_category":[],"jnews_social_meta":[],"jnews_override_counter":[],"jnews_post_split":[],"footnotes":""},"categories":[282],"tags":[223],"class_list":["post-9153","post","type-post","status-publish","format-standard","has-post-thumbnail","hentry","category-antigua-it","tag-fuerteventura-it"],"jetpack_featured_media_url":"https:\/\/informacionlocal.es\/wp-content\/uploads\/2025\/08\/imagen-de-whatsapp-2025-07-31-a-las-15-12-26_a3215be1.jpg","_links":{"self":[{"href":"https:\/\/informacionlocal.es\/it\/wp-json\/wp\/v2\/posts\/9153","targetHints":{"allow":["GET"]}}],"collection":[{"href":"https:\/\/informacionlocal.es\/it\/wp-json\/wp\/v2\/posts"}],"about":[{"href":"https:\/\/informacionlocal.es\/it\/wp-json\/wp\/v2\/types\/post"}],"author":[{"embeddable":true,"href":"https:\/\/informacionlocal.es\/it\/wp-json\/wp\/v2\/users\/1"}],"replies":[{"embeddable":true,"href":"https:\/\/informacionlocal.es\/it\/wp-json\/wp\/v2\/comments?post=9153"}],"version-history":[{"count":0,"href":"https:\/\/informacionlocal.es\/it\/wp-json\/wp\/v2\/posts\/9153\/revisions"}],"wp:featuredmedia":[{"embeddable":true,"href":"https:\/\/informacionlocal.es\/it\/wp-json\/wp\/v2\/media\/9150"}],"wp:attachment":[{"href":"https:\/\/informacionlocal.es\/it\/wp-json\/wp\/v2\/media?parent=9153"}],"wp:term":[{"taxonomy":"category","embeddable":true,"href":"https:\/\/informacionlocal.es\/it\/wp-json\/wp\/v2\/categories?post=9153"},{"taxonomy":"post_tag","embeddable":true,"href":"https:\/\/informacionlocal.es\/it\/wp-json\/wp\/v2\/tags?post=9153"}],"curies":[{"name":"wp","href":"https:\/\/api.w.org\/{rel}","templated":true}]}}