{"id":9141,"date":"2025-08-01T23:59:22","date_gmt":"2025-08-01T22:59:22","guid":{"rendered":"https:\/\/informacionlocal.es\/la-storica-inma-de-armas-sara-la-banditrice-delle-feste-in-onore-della-virgen-de-la-pena-2025\/"},"modified":"2025-08-01T23:59:22","modified_gmt":"2025-08-01T22:59:22","slug":"la-storica-inma-de-armas-sara-la-banditrice-delle-feste-in-onore-della-virgen-de-la-pena-2025","status":"publish","type":"post","link":"https:\/\/informacionlocal.es\/it\/la-storica-inma-de-armas-sara-la-banditrice-delle-feste-in-onore-della-virgen-de-la-pena-2025\/","title":{"rendered":"La storica Inma de Armas sar\u00e0 la banditrice delle Feste in onore della Virgen de La Pe\u00f1a 2025."},"content":{"rendered":"<div class=\"entry-content\"><strong>1 agosto 2025<\/strong><\/p>\n<p><em><strong>Un riconoscimento per una vita dedicata alla ricerca, all&#8217;educazione e alla conservazione del patrimonio di Majorero<\/strong><\/em><\/p>\n<p>L&#8217;importante storica Inma de Armas sar\u00e0 la banditrice delle Feste in onore della Virgen de La Pe\u00f1a 2025, uno degli eventi pi\u00f9 importanti dell&#8217;isola, che si distingue per la sua profonda tradizione religiosa e culturale.<\/p>\n<p>La presidente del Cabildo di Fuerteventura, Lola Garc\u00eda, e l&#8217;assessore alla Cultura, Rayco Le\u00f3n, sottolineano questo meritato riconoscimento dell&#8217;ampio e notevole contributo della storica Inma de Armas allo sviluppo culturale e storico di Fuerteventura. Una professionista eccezionale, il cui lavoro ha lasciato un segno profondo nel campo della cultura, dell&#8217;educazione e della conservazione del patrimonio. <\/p>\n<p>Fin dai primi anni di lavoro, tra il 1982 e il 1985, Inma de Armas si \u00e8 occupata della catalogazione dell&#8217;Archivio Storico dell&#8217;Isola e della Biblioteca Municipale di Puerto del Rosario, gettando le basi per la conservazione documentaria e bibliografica dell&#8217;isola. Nel 1985 ha coordinato il nuovo progetto dell&#8217;Universit\u00e0 Popolare di Fuerteventura, un&#8217;iniziativa chiave per la formazione continua e la diffusione culturale a tutti i cittadini. <\/p>\n<p>La sua vocazione per l&#8217;educazione l&#8217;ha portata a Lanzarote nel 1990, dove ha lavorato come insegnante di Storia della Musica presso la Scuola Secondaria di Har\u00eda. Nel 1991 \u00e8 tornata a Fuerteventura per entrare a far parte del Dipartimento di Educazione e Cultura del Cabildo. <\/p>\n<p>All&#8217;inizio degli anni 2000 \u00e8 diventato il primo responsabile congiunto del Servizio Istruzione, Cultura e Sport del Consiglio dell&#8217;isola. Successivamente, con la riorganizzazione amministrativa, \u00e8 diventato l&#8217;unico responsabile del Servizio Cultura fino al 2022, promuovendo molteplici progetti e arricchendo notevolmente la scena culturale dell&#8217;isola. <\/p>\n<p>Nel 1995 ha coordinato l&#8217;apertura e l&#8217;avvio della Casa Museo Miguel de Unamuno, sviluppandone il progetto museale in collaborazione con Ignacio Hern\u00e1ndez D\u00edaz e Lorenzo Mateo Casta\u00f1eyra. Il suo lavoro di ricerca e di pubblicazione \u00e8 stato prolifico, tra cui il coordinamento nel 2013 del libro che commemora i 100 anni dalla costituzione dei Consigli insulari, nonch\u00e9 la coautrice del libro <em>100 a\u00f1os en la Memoria<\/em>, pubblicato dal Comune di Puerto del Rosario in occasione del nuovo millennio. <\/p>\n<p>Nel 2024, nell&#8217;ambito del centenario dell&#8217;arrivo di Miguel de Unamuno a Fuerteventura, \u00e8 stata la curatrice della mostra attualmente esposta alla Casa Museo. Parallelamente, De Armas ha svolto una preziosa ricerca su Aquilino Fern\u00e1ndez, una figura di spicco negli incontri che Unamuno tenne sull&#8217;isola, un politico di rilevanza regionale con legami sia con Lanzarote che con Fuerteventura nei primi decenni del XX secolo. <\/p>\n<p>Questo omaggio riconosce l&#8217;instancabile dedizione di Inma de Armas alla cultura e alla storia di Fuerteventura, il cui lavoro continua ad arricchire l&#8217;identit\u00e0 collettiva dell&#8217;isola.  <\/p>\n<\/div>\n","protected":false},"excerpt":{"rendered":"<p>1 agosto 2025 Un riconoscimento per una vita dedicata alla ricerca, all&#8217;educazione e alla conservazione del patrimonio di Majorero L&#8217;importante storica Inma de Armas sar\u00e0 la banditrice delle Feste in [&hellip;]<\/p>\n","protected":false},"author":1,"featured_media":9138,"comment_status":"open","ping_status":"open","sticky":false,"template":"","format":"standard","meta":{"inline_featured_image":false,"jnews-multi-image_gallery":[],"jnews_single_post":[],"jnews_primary_category":[],"jnews_social_meta":[],"jnews_override_counter":[],"jnews_post_split":[],"footnotes":""},"categories":[289],"tags":[396,309,308,223,395],"class_list":["post-9141","post","type-post","status-publish","format-standard","has-post-thumbnail","hentry","category-cabildo-it","tag-conservazione-del-patrimonio","tag-educacion-it","tag-eventos-it","tag-fuerteventura-it","tag-la-storia"],"jetpack_featured_media_url":"https:\/\/informacionlocal.es\/wp-content\/uploads\/2025\/08\/fgfgfg.jpeg","_links":{"self":[{"href":"https:\/\/informacionlocal.es\/it\/wp-json\/wp\/v2\/posts\/9141","targetHints":{"allow":["GET"]}}],"collection":[{"href":"https:\/\/informacionlocal.es\/it\/wp-json\/wp\/v2\/posts"}],"about":[{"href":"https:\/\/informacionlocal.es\/it\/wp-json\/wp\/v2\/types\/post"}],"author":[{"embeddable":true,"href":"https:\/\/informacionlocal.es\/it\/wp-json\/wp\/v2\/users\/1"}],"replies":[{"embeddable":true,"href":"https:\/\/informacionlocal.es\/it\/wp-json\/wp\/v2\/comments?post=9141"}],"version-history":[{"count":0,"href":"https:\/\/informacionlocal.es\/it\/wp-json\/wp\/v2\/posts\/9141\/revisions"}],"wp:featuredmedia":[{"embeddable":true,"href":"https:\/\/informacionlocal.es\/it\/wp-json\/wp\/v2\/media\/9138"}],"wp:attachment":[{"href":"https:\/\/informacionlocal.es\/it\/wp-json\/wp\/v2\/media?parent=9141"}],"wp:term":[{"taxonomy":"category","embeddable":true,"href":"https:\/\/informacionlocal.es\/it\/wp-json\/wp\/v2\/categories?post=9141"},{"taxonomy":"post_tag","embeddable":true,"href":"https:\/\/informacionlocal.es\/it\/wp-json\/wp\/v2\/tags?post=9141"}],"curies":[{"name":"wp","href":"https:\/\/api.w.org\/{rel}","templated":true}]}}