{"id":9129,"date":"2025-08-01T22:06:22","date_gmt":"2025-08-01T21:06:22","guid":{"rendered":"https:\/\/informacionlocal.es\/congratulazioni-al-gruppo-obycat-di-caleta-de-fuste-per-aver-ottenuto-la-distinzione-spiagge-doro-in-destinazione-blu\/"},"modified":"2025-08-01T22:06:22","modified_gmt":"2025-08-01T21:06:22","slug":"congratulazioni-al-gruppo-obycat-di-caleta-de-fuste-per-aver-ottenuto-la-distinzione-spiagge-doro-in-destinazione-blu","status":"publish","type":"post","link":"https:\/\/informacionlocal.es\/it\/congratulazioni-al-gruppo-obycat-di-caleta-de-fuste-per-aver-ottenuto-la-distinzione-spiagge-doro-in-destinazione-blu\/","title":{"rendered":"Congratulazioni al gruppo Obycat di Caleta de Fuste per aver ottenuto la distinzione Spiagge d&#8217;Oro in Destinazione Blu."},"content":{"rendered":"<div class=\"elementor-widget-container\">\n<p><strong>Congratulazioni al gruppo Obycat di Caleta de Fuste per aver ottenuto la distinzione Spiagge d&#8217;Oro in Destinazione Blu.<\/strong><\/p>\n<p><strong>&#8211; Il premio sar\u00e0 consegnato loro il 27 settembre, in concomitanza con la Giornata mondiale del turismo.<\/strong><\/p>\n<p>Il Comune di Antigua ha proposto il Gruppo Obycat per le escursioni in catamarano, tra le altre aziende, all&#8217;Ente del Turismo per i Premi Distinti del Turismo di Fuerteventura 2025 e siamo lieti di congratularci con questa azienda situata a Caleta de Fuste, per aver ricevuto il riconoscimento Spiagge d&#8217;Oro nella categoria Destinazione Blu&#8221;, afferma il sindaco, Mat\u00edas Pe\u00f1a Garc\u00eda.<\/p>\n<p>Un&#8217;azienda che ha iniziato in piccolo e che ha ampliato la sua offerta e le sue sedi, dice Mat\u00edas Pe\u00f1a, generando occupazione, promuovendo il rispetto e la conservazione marina, e impegnandosi anche a offrire esperienze inclusive e accessibili, adatte al divertimento di un pubblico internazionale e familiare.<\/p>\n<p>Il Distintivo sar\u00e0 consegnato loro il 27 settembre, in coincidenza con la Giornata Mondiale del Turismo, un riconoscimento che riteniamo giusto e necessario, afferma l&#8217;Assessore al Turismo, Kristina Rodewig, in considerazione della loro costante crescita ed espansione, del loro impegno nei confronti dell&#8217;ambiente, soprattutto in quello marino, e della loro disponibilit\u00e0 a collaborare sempre con gli eventi pubblici della citt\u00e0 di Caleta de Fuste legati alla Marina.<\/p>\n<p>Dalla sua creazione nel 2013 a Caleta de Fuste, il Gruppo Obycat Catamaran si \u00e8 distinto per il suo approccio innovativo e distintivo, che ha permesso di diversificare e arricchire l&#8217;offerta di svago marittimo e sportivo dell&#8217;isola.<\/p>\n<p>La sua evoluzione esemplare, aggiunge, da un piccolo catamarano da 12 posti a una flotta completa di imbarcazioni, sottomarini turistici e servizi completi di trasporto terrestre, dimostra una visione ambiziosa e sostenibile, profondamente rispettosa dell&#8217;ambiente naturale, che incorpora tecnologie pulite e imbarcazioni efficienti che riducono al minimo il loro impatto e rispettano l&#8217;ambiente marino.<\/p>\n<\/p>\n<\/div>\n","protected":false},"excerpt":{"rendered":"<p><strong>Congratulazioni al gruppo Obycat di Caleta de Fuste per aver ottenuto la distinzione Spiagge d&#8217;Oro in Destinazione Blu.<\/strong><\/p>\n","protected":false},"author":1,"featured_media":9126,"comment_status":"open","ping_status":"open","sticky":false,"template":"","format":"standard","meta":{"inline_featured_image":false,"jnews-multi-image_gallery":[],"jnews_single_post":[],"jnews_primary_category":[],"jnews_social_meta":[],"jnews_override_counter":[],"jnews_post_split":[],"footnotes":""},"categories":[282],"tags":[205,308,223],"class_list":["post-9129","post","type-post","status-publish","format-standard","has-post-thumbnail","hentry","category-antigua-it","tag-ambiente","tag-eventos-it","tag-fuerteventura-it"],"jetpack_featured_media_url":"https:\/\/informacionlocal.es\/wp-content\/uploads\/2025\/08\/j-perez-lima-representante-obycat-con-el-alcalde-de-antigua-y-la-concejala-de-turismo-en-fitur-25-scaled-1.jpg","_links":{"self":[{"href":"https:\/\/informacionlocal.es\/it\/wp-json\/wp\/v2\/posts\/9129","targetHints":{"allow":["GET"]}}],"collection":[{"href":"https:\/\/informacionlocal.es\/it\/wp-json\/wp\/v2\/posts"}],"about":[{"href":"https:\/\/informacionlocal.es\/it\/wp-json\/wp\/v2\/types\/post"}],"author":[{"embeddable":true,"href":"https:\/\/informacionlocal.es\/it\/wp-json\/wp\/v2\/users\/1"}],"replies":[{"embeddable":true,"href":"https:\/\/informacionlocal.es\/it\/wp-json\/wp\/v2\/comments?post=9129"}],"version-history":[{"count":0,"href":"https:\/\/informacionlocal.es\/it\/wp-json\/wp\/v2\/posts\/9129\/revisions"}],"wp:featuredmedia":[{"embeddable":true,"href":"https:\/\/informacionlocal.es\/it\/wp-json\/wp\/v2\/media\/9126"}],"wp:attachment":[{"href":"https:\/\/informacionlocal.es\/it\/wp-json\/wp\/v2\/media?parent=9129"}],"wp:term":[{"taxonomy":"category","embeddable":true,"href":"https:\/\/informacionlocal.es\/it\/wp-json\/wp\/v2\/categories?post=9129"},{"taxonomy":"post_tag","embeddable":true,"href":"https:\/\/informacionlocal.es\/it\/wp-json\/wp\/v2\/tags?post=9129"}],"curies":[{"name":"wp","href":"https:\/\/api.w.org\/{rel}","templated":true}]}}