{"id":9105,"date":"2025-08-01T20:08:12","date_gmt":"2025-08-01T19:08:12","guid":{"rendered":"https:\/\/informacionlocal.es\/tetir-commemora-il-100-anniversario-della-sua-fusione-con-puerto-cabras-con-un-evento-storico-ed-emozionante\/"},"modified":"2025-08-01T20:08:12","modified_gmt":"2025-08-01T19:08:12","slug":"tetir-commemora-il-100-anniversario-della-sua-fusione-con-puerto-cabras-con-un-evento-storico-ed-emozionante","status":"publish","type":"post","link":"https:\/\/informacionlocal.es\/it\/tetir-commemora-il-100-anniversario-della-sua-fusione-con-puerto-cabras-con-un-evento-storico-ed-emozionante\/","title":{"rendered":"Tetir commemora il 100\u00b0 anniversario della sua fusione con Puerto Cabras con un evento storico ed emozionante."},"content":{"rendered":"<div class=\"entry-content\">\n<p>Nell&#8217;ambito delle Fiestas de Santo Domingo de Guzm\u00e1n, Tetir ha vissuto mercoled\u00ec scorso, 30 luglio, una giornata indimenticabile in occasione del centenario della fusione tra Puerto Cabras e Tetir, un&#8217;unione che ha segnato un secolo di storia, identit\u00e0 e radici comuni.<\/p>\n<p>Il Centro Culturale di Tetir \u00e8 stato la sede dell&#8217;evento commemorativo, iniziato alle 20:00 con la tavola rotonda &#8220;Puerto Cabras &#8211; Tetir: 100 anni di fusione&#8221;, organizzata dall&#8217;Associazione di Quartiere Vega de Tetir San Andr\u00e9s con il patrocinio del Municipio di Puerto del Rosario, attraverso il suo Dipartimento di Cultura.<\/p>\n<p>Uno dei momenti salienti \u00e8 stato l&#8217;intervento del sindaco di Puerto del Rosario, David de Vera, che ha dichiarato: &#8220;Celebrare questo centenario a Tetir \u00e8 motivo di orgoglio. Questa citt\u00e0 \u00e8 riuscita a mantenere viva la sua identit\u00e0, la sua tradizione e la sua ospitalit\u00e0. Continueremo a sostenere eventi come questo, che rafforzano il nostro patrimonio e la nostra memoria collettiva&#8221;.<\/p>\n<p>L&#8217;assessore alla Cultura, Juan Manuel Verdugo, ha aperto l&#8217;evento sottolineando &#8220;l&#8217;importanza di guardare al passato con orgoglio e al futuro con responsabilit\u00e0&#8221;, riconoscendo il valore che citt\u00e0 come Tetir hanno contribuito alla crescita e all&#8217;identit\u00e0 della capitale di Maiorca.<\/p>\n<p>La serata ha previsto la proiezione di un video tributo a Tetir, seguito da un&#8217;arricchente conversazione moderata da Marusa Hern\u00e1ndez e interpretata da Sayo Cerde\u00f1a, Paco Cerde\u00f1a e Carlos Vera, tre referenti del tessuto culturale e storico locale. Anche il cronista ufficiale di Fuerteventura, Tero Brito, ha offerto un&#8217;analisi approfondita del significato di questa unione centenaria e del suo impatto sull&#8217;evoluzione del comune. <\/p>\n<p>La giornata si \u00e8 conclusa con uno spettacolo musicale commemorativo a partire dalle ore 21:00, con la partecipazione dell&#8217;Associazione Folklorica di Tetir e dei cantautori Ayla, Julia e Pedro Umpi\u00e9rrez, che hanno dato voce ed emozione a una serata ricca di simbolismi e sentimenti.<\/p>\n<p>Il Municipio di Puerto del Rosario \u00e8 particolarmente grato all&#8217;Associazione di quartiere Vega de Tetir San Andr\u00e9s per aver mantenuto vive le tradizioni e per aver organizzato un evento che onora il passato, rafforza il presente e proietta il futuro.<\/p>\n<\/div>\n","protected":false},"excerpt":{"rendered":"<p>Nell&#8217;ambito delle Fiestas de Santo Domingo de Guzm\u00e1n, Tetir ha vissuto mercoled\u00ec scorso, 30 luglio, una giornata indimenticabile in occasione del centenario della fusione tra Puerto Cabras e Tetir, un&#8217;unione [&hellip;]<\/p>\n","protected":false},"author":1,"featured_media":9102,"comment_status":"open","ping_status":"open","sticky":false,"template":"","format":"standard","meta":{"inline_featured_image":false,"jnews-multi-image_gallery":[],"jnews_single_post":[],"jnews_primary_category":[],"jnews_social_meta":[],"jnews_override_counter":[],"jnews_post_split":[],"footnotes":""},"categories":[295],"tags":[],"class_list":["post-9105","post","type-post","status-publish","format-standard","has-post-thumbnail","hentry","category-puerto-del-rosario-it"],"jetpack_featured_media_url":"https:\/\/informacionlocal.es\/wp-content\/uploads\/2025\/08\/100-tetir-alcaldeverdugo-y-homenaje.jpg","_links":{"self":[{"href":"https:\/\/informacionlocal.es\/it\/wp-json\/wp\/v2\/posts\/9105","targetHints":{"allow":["GET"]}}],"collection":[{"href":"https:\/\/informacionlocal.es\/it\/wp-json\/wp\/v2\/posts"}],"about":[{"href":"https:\/\/informacionlocal.es\/it\/wp-json\/wp\/v2\/types\/post"}],"author":[{"embeddable":true,"href":"https:\/\/informacionlocal.es\/it\/wp-json\/wp\/v2\/users\/1"}],"replies":[{"embeddable":true,"href":"https:\/\/informacionlocal.es\/it\/wp-json\/wp\/v2\/comments?post=9105"}],"version-history":[{"count":0,"href":"https:\/\/informacionlocal.es\/it\/wp-json\/wp\/v2\/posts\/9105\/revisions"}],"wp:featuredmedia":[{"embeddable":true,"href":"https:\/\/informacionlocal.es\/it\/wp-json\/wp\/v2\/media\/9102"}],"wp:attachment":[{"href":"https:\/\/informacionlocal.es\/it\/wp-json\/wp\/v2\/media?parent=9105"}],"wp:term":[{"taxonomy":"category","embeddable":true,"href":"https:\/\/informacionlocal.es\/it\/wp-json\/wp\/v2\/categories?post=9105"},{"taxonomy":"post_tag","embeddable":true,"href":"https:\/\/informacionlocal.es\/it\/wp-json\/wp\/v2\/tags?post=9105"}],"curies":[{"name":"wp","href":"https:\/\/api.w.org\/{rel}","templated":true}]}}