{"id":9069,"date":"2025-08-01T16:58:33","date_gmt":"2025-08-01T15:58:33","guid":{"rendered":"https:\/\/informacionlocal.es\/il-mercato-contadino-di-antigua-arriva-la-prima-domenica-di-ogni-mese\/"},"modified":"2025-08-01T16:58:33","modified_gmt":"2025-08-01T15:58:33","slug":"il-mercato-contadino-di-antigua-arriva-la-prima-domenica-di-ogni-mese","status":"publish","type":"post","link":"https:\/\/informacionlocal.es\/it\/il-mercato-contadino-di-antigua-arriva-la-prima-domenica-di-ogni-mese\/","title":{"rendered":"Il mercato contadino di Antigua arriva la prima domenica di ogni mese"},"content":{"rendered":"<div class=\"elementor-widget-container\">\n<p><strong>Il mercato contadino di Antigua arriva la prima domenica di ogni mese<\/strong><\/p>\n<p><strong>&#8211; Domenica 3 agosto, dalle 9:00 alle 14:00, nella Plaza de Antigua saranno offerti prodotti freschi, locali e di qualit\u00e0.  <\/strong><br \/><strong>&#8211; Mercato contadino di Antigua con esibizioni dal vivo di Juan el Chapa.<\/strong><\/p>\n<p>Come ogni prima domenica del mese, il Municipio di Antigua del Dipartimento dell&#8217;Agricoltura, dell&#8217;Allevamento e della Pesca organizza il Mercato Agricolo nella Plaza de Antigua la mattina del 3 agosto, dalle ore 9:00 alle ore 14:00.<\/p>\n<p>Un mercato contadino, un punto d&#8217;incontro di quartiere e di famiglia nella Plaza de Antigua, dice il sindaco, Mat\u00edas Pe\u00f1a Garc\u00eda, dove si possono trovare verdure della migliore qualit\u00e0, piante ornamentali, spezie, una variet\u00e0 di formaggi, pane, torte, dolci fatti in casa, mojos, conserve e pesce secco, e sempre allietato da musica dal vivo.<\/p>\n<p>In questa occasione, dice l&#8217;assessore al settore primario di Antigua, Fernando Estupi\u00f1\u00e1n, avremo l&#8217;intrattenimento del parrandero Juan el Chapa.<\/p>\n<p>Il consigliere Estupi\u00f1\u00e1n invita tutti i produttori che ne fanno richiesta a partecipare, ricordando loro che il Comune stesso mette a disposizione gratuitamente lo spazio, l&#8217;allestimento della tenda per ogni bancarella e l&#8217;allacciamento alla rete elettrica, se necessario.<\/p>\n<p>L&#8217;obiettivo, dice Estupi\u00f1\u00e1n, \u00e8 che il mercato contadino di Antigua rifletta la produzione locale, i prodotti freschi, la musica dal vivo e la visita ai ristoranti e ai negozi vicini.<\/p>\n<\/p>\n<\/div>\n","protected":false},"excerpt":{"rendered":"<p><strong>Il mercato contadino di Antigua arriva la prima domenica di ogni mese<\/strong><\/p>\n","protected":false},"author":1,"featured_media":9066,"comment_status":"open","ping_status":"open","sticky":false,"template":"","format":"standard","meta":{"inline_featured_image":false,"jnews-multi-image_gallery":[],"jnews_single_post":[],"jnews_primary_category":[],"jnews_social_meta":[],"jnews_override_counter":[],"jnews_post_split":[],"footnotes":""},"categories":[282],"tags":[],"class_list":["post-9069","post","type-post","status-publish","format-standard","has-post-thumbnail","hentry","category-antigua-it"],"jetpack_featured_media_url":"https:\/\/informacionlocal.es\/wp-content\/uploads\/2025\/08\/mercadillo-antigua-primer-domingo-de-agosto.jpg","_links":{"self":[{"href":"https:\/\/informacionlocal.es\/it\/wp-json\/wp\/v2\/posts\/9069","targetHints":{"allow":["GET"]}}],"collection":[{"href":"https:\/\/informacionlocal.es\/it\/wp-json\/wp\/v2\/posts"}],"about":[{"href":"https:\/\/informacionlocal.es\/it\/wp-json\/wp\/v2\/types\/post"}],"author":[{"embeddable":true,"href":"https:\/\/informacionlocal.es\/it\/wp-json\/wp\/v2\/users\/1"}],"replies":[{"embeddable":true,"href":"https:\/\/informacionlocal.es\/it\/wp-json\/wp\/v2\/comments?post=9069"}],"version-history":[{"count":0,"href":"https:\/\/informacionlocal.es\/it\/wp-json\/wp\/v2\/posts\/9069\/revisions"}],"wp:featuredmedia":[{"embeddable":true,"href":"https:\/\/informacionlocal.es\/it\/wp-json\/wp\/v2\/media\/9066"}],"wp:attachment":[{"href":"https:\/\/informacionlocal.es\/it\/wp-json\/wp\/v2\/media?parent=9069"}],"wp:term":[{"taxonomy":"category","embeddable":true,"href":"https:\/\/informacionlocal.es\/it\/wp-json\/wp\/v2\/categories?post=9069"},{"taxonomy":"post_tag","embeddable":true,"href":"https:\/\/informacionlocal.es\/it\/wp-json\/wp\/v2\/tags?post=9069"}],"curies":[{"name":"wp","href":"https:\/\/api.w.org\/{rel}","templated":true}]}}