{"id":9033,"date":"2025-08-01T14:07:06","date_gmt":"2025-08-01T13:07:06","guid":{"rendered":"https:\/\/informacionlocal.es\/inaugurazione-della-mostra-anni-di-sale-50-anni-di-giovinezza-per-commemorare-i-cinquantanni-della-settimana-della-gioventu\/"},"modified":"2025-08-01T14:07:06","modified_gmt":"2025-08-01T13:07:06","slug":"inaugurazione-della-mostra-anni-di-sale-50-anni-di-giovinezza-per-commemorare-i-cinquantanni-della-settimana-della-gioventu","status":"publish","type":"post","link":"https:\/\/informacionlocal.es\/it\/inaugurazione-della-mostra-anni-di-sale-50-anni-di-giovinezza-per-commemorare-i-cinquantanni-della-settimana-della-gioventu\/","title":{"rendered":"Inaugurazione della mostra &#8220;Anni di sale: 50 anni di giovinezza&#8221; per commemorare i cinquant&#8217;anni della Settimana della Giovent\u00f9"},"content":{"rendered":"<div class=\"entry-content\"><strong>1 agosto 2025<\/strong><\/p>\n<p><em><strong>La mostra \u00e8 composta da 120 fotografie di Carlos de Sa\u00e1, scattate nel 1996 nell&#8217;ambito della XXI edizione della Settimana della Giovent\u00f9.<\/strong><\/em><\/p>\n<p>Il Cabildo di Fuerteventura ha inaugurato la mostra &#8220;Anni di sale: 50 anni di giovent\u00f9&#8221; del fotografo Carlos de Sa\u00e1, promossa dai Musei di Fuerteventura per commemorare il cinquantesimo anniversario della Settimana della Giovent\u00f9. La mostra rimarr\u00e0 aperta al pubblico fino al 15 settembre, con 120 fotografie distribuite principalmente nella Biblioteca di Gran Tarajal, ma anche nell&#8217;Avenida Mar\u00edtima. <\/p>\n<p>Con questa mostra, Museos de Fuerteventura vuole approfittare del cinquantesimo anniversario della Semana de la Juventud per rendere omaggio ai giovani di Gran Tarajal e ai giovani volontari che ogni anno promuovono questo evento culturale e sportivo. Senza questo senso di comunit\u00e0, la volont\u00e0 e le capacit\u00e0 organizzative di questi giovani, la Settimana non sarebbe stata possibile. <\/p>\n<p>La presidente dell&#8217;isola, Lola Garc\u00eda, ha espresso &#8220;il traguardo di celebrare mezzo secolo di Settimana della Giovent\u00f9&#8221;. &#8220;Lo facciamo con una mostra fotografica di Carlos de Sa\u00e1 che ci invita a incontrare di nuovo i volti, le risate e le emozioni dei giovani di Gran Tarajal&#8221;. <\/p>\n<p>Nelle parole dell&#8217;Assessore ai Musei di Fuerteventura, Rayco Le\u00f3n, &#8220;la Settimana della Giovent\u00f9 \u00e8 un esempio di ci\u00f2 che il movimento collettivo pu\u00f2 fare. Abbiamo voluto rifletterlo con questa mostra, realizzata dalla mano di Carlos de Sa\u00e1, con uno dei suoi primi lavori come cronista di ci\u00f2 che accade a Fuerteventura&#8221;.<\/p>\n<p>Per la sindaca di Tuineje, Candelaria Umpi\u00e9rrez, &#8220;quella che inauguriamo oggi \u00e8 molto pi\u00f9 di una mostra: \u00e8 memoria e storia condivisa da tutti, e un ringraziamento alle persone che hanno fatto parte di questi cinquant&#8217;anni&#8221;.<\/p>\n<p><a>Come ha spiegato Carlos de Sa\u00e1, tutte le fotografie di questa mostra sono state scattate nel 1996 durante la XXI edizione della Settimana della Giovent\u00f9<\/a>, quando era studente di Immagine e Suono e membro dell&#8217;Associazione Culturale Tiempo Sur.<\/p>\n<p>Durante quella stessa estate, inizi\u00f2 a coordinare l&#8217;aula di fotografia di questo collettivo, appena creata, che aveva un laboratorio di fotografia in bianco e nero, situato nell&#8217;attuale Casa de la Cultura di Gran Tarajal.<\/p>\n<p>Le immagini registrate sui sali d&#8217;argento dei negativi in bianco e nero utilizzati per scattare queste fotografie ci mostrano un popolo ingegnoso che ha riempito di vita ogni estate durante una Settimana della Giovent\u00f9 che ha lasciato un segno profondo in tutte le generazioni che l&#8217;hanno attraversata.<\/p>\n<p>&#8220;Abbiamo recuperato questo archivio per allestire questa mostra nella biblioteca di Gran Tarajal e nell&#8217;Avenida Mar\u00edtima, che riflette il modo in cui noi giovani di allora ci organizzavamo e come inventavamo la nostra estate con attivit\u00e0 organizzate da noi stessi e con i mezzi che avevamo&#8221;, ha detto Carlos de Sa\u00e1.<\/p>\n<\/div>\n","protected":false},"excerpt":{"rendered":"<p>1 agosto 2025 La mostra \u00e8 composta da 120 fotografie di Carlos de Sa\u00e1, scattate nel 1996 nell&#8217;ambito della XXI edizione della Settimana della Giovent\u00f9. Il Cabildo di Fuerteventura ha [&hellip;]<\/p>\n","protected":false},"author":1,"featured_media":9030,"comment_status":"open","ping_status":"open","sticky":false,"template":"","format":"standard","meta":{"inline_featured_image":false,"jnews-multi-image_gallery":[],"jnews_single_post":[],"jnews_primary_category":[],"jnews_social_meta":[],"jnews_override_counter":[],"jnews_post_split":[],"footnotes":""},"categories":[289],"tags":[223],"class_list":["post-9033","post","type-post","status-publish","format-standard","has-post-thumbnail","hentry","category-cabildo-it","tag-fuerteventura-it"],"jetpack_featured_media_url":"https:\/\/informacionlocal.es\/wp-content\/uploads\/2025\/08\/thth.jpeg","_links":{"self":[{"href":"https:\/\/informacionlocal.es\/it\/wp-json\/wp\/v2\/posts\/9033","targetHints":{"allow":["GET"]}}],"collection":[{"href":"https:\/\/informacionlocal.es\/it\/wp-json\/wp\/v2\/posts"}],"about":[{"href":"https:\/\/informacionlocal.es\/it\/wp-json\/wp\/v2\/types\/post"}],"author":[{"embeddable":true,"href":"https:\/\/informacionlocal.es\/it\/wp-json\/wp\/v2\/users\/1"}],"replies":[{"embeddable":true,"href":"https:\/\/informacionlocal.es\/it\/wp-json\/wp\/v2\/comments?post=9033"}],"version-history":[{"count":0,"href":"https:\/\/informacionlocal.es\/it\/wp-json\/wp\/v2\/posts\/9033\/revisions"}],"wp:featuredmedia":[{"embeddable":true,"href":"https:\/\/informacionlocal.es\/it\/wp-json\/wp\/v2\/media\/9030"}],"wp:attachment":[{"href":"https:\/\/informacionlocal.es\/it\/wp-json\/wp\/v2\/media?parent=9033"}],"wp:term":[{"taxonomy":"category","embeddable":true,"href":"https:\/\/informacionlocal.es\/it\/wp-json\/wp\/v2\/categories?post=9033"},{"taxonomy":"post_tag","embeddable":true,"href":"https:\/\/informacionlocal.es\/it\/wp-json\/wp\/v2\/tags?post=9033"}],"curies":[{"name":"wp","href":"https:\/\/api.w.org\/{rel}","templated":true}]}}