{"id":8998,"date":"2025-07-31T22:58:24","date_gmt":"2025-07-31T21:58:24","guid":{"rendered":"https:\/\/informacionlocal.es\/la-mostra-maxo-arte-tour-arriva-allaeroporto-di-fuerteventura\/"},"modified":"2025-07-31T22:58:24","modified_gmt":"2025-07-31T21:58:24","slug":"la-mostra-maxo-arte-tour-arriva-allaeroporto-di-fuerteventura","status":"publish","type":"post","link":"https:\/\/informacionlocal.es\/it\/la-mostra-maxo-arte-tour-arriva-allaeroporto-di-fuerteventura\/","title":{"rendered":"La mostra Maxo Arte Tour arriva all&#8217;aeroporto di Fuerteventura"},"content":{"rendered":"<div class=\"entry-content\"><strong>31 luglio 2025<\/strong><\/p>\n<p>La mostra Maxo Arte Tour arriva all&#8217;aeroporto di Fuerteventura, mostrando il talento, la creativit\u00e0 e la ricchezza artistica dei giovani di Fuerteventura. Le opere saranno esposte all&#8217;aeroporto fino al 30 settembre, con l&#8217;obiettivo di avvicinarle ai residenti e ai visitatori. <\/p>\n<p>La mostra riunisce le opere selezionate nell&#8217;ambito del concorso Maxo Arte Joven 2024 del Dipartimento della Giovent\u00f9 del Consiglio dell&#8217;Isola di Fuerteventura, diretto da Adargoma Hern\u00e1ndez, in varie discipline: fotografia, film, pittura, musica, poesia, narrativa, scultura, disegno tessile e fumetto. Un&#8217;occasione unica per conoscere il potenziale artistico delle nuove generazioni dell&#8217;isola. <\/p>\n<p>La presidente del Cabildo di Fuerteventura, Lola Garc\u00eda, e l&#8217;assessore alla Giovent\u00f9, Adargoma Hern\u00e1ndez, sottolineano il valore di questo tipo di proposte che promuovono i giovani talenti di Fuerteventura, trasformando l&#8217;arte in uno strumento di espressione e crescita personale.<\/p>\n<p>La mostra arriva all&#8217;aeroporto, dopo aver gi\u00e0 visitato il Centro Insular de Juventud di Puerto del Rosario, la biblioteca di Gran Tarajal, la Casa de la Juventud di Morro Jable e l&#8217;Auditorium di Antigua. In seguito, la prossima destinazione sar\u00e0 il Palazzo delle Esposizioni Municipali di Corralejo. <\/p>\n<\/div>\n","protected":false},"excerpt":{"rendered":"<p>31 luglio 2025 La mostra Maxo Arte Tour arriva all&#8217;aeroporto di Fuerteventura, mostrando il talento, la creativit\u00e0 e la ricchezza artistica dei giovani di Fuerteventura. Le opere saranno esposte all&#8217;aeroporto [&hellip;]<\/p>\n","protected":false},"author":1,"featured_media":8994,"comment_status":"open","ping_status":"open","sticky":false,"template":"","format":"standard","meta":{"inline_featured_image":false,"jnews-multi-image_gallery":[],"jnews_single_post":[],"jnews_primary_category":[],"jnews_social_meta":[],"jnews_override_counter":[],"jnews_post_split":[],"footnotes":""},"categories":[289],"tags":[223],"class_list":["post-8998","post","type-post","status-publish","format-standard","has-post-thumbnail","hentry","category-cabildo-it","tag-fuerteventura-it"],"jetpack_featured_media_url":"https:\/\/informacionlocal.es\/wp-content\/uploads\/2025\/07\/sssfrs.jpeg","_links":{"self":[{"href":"https:\/\/informacionlocal.es\/it\/wp-json\/wp\/v2\/posts\/8998","targetHints":{"allow":["GET"]}}],"collection":[{"href":"https:\/\/informacionlocal.es\/it\/wp-json\/wp\/v2\/posts"}],"about":[{"href":"https:\/\/informacionlocal.es\/it\/wp-json\/wp\/v2\/types\/post"}],"author":[{"embeddable":true,"href":"https:\/\/informacionlocal.es\/it\/wp-json\/wp\/v2\/users\/1"}],"replies":[{"embeddable":true,"href":"https:\/\/informacionlocal.es\/it\/wp-json\/wp\/v2\/comments?post=8998"}],"version-history":[{"count":0,"href":"https:\/\/informacionlocal.es\/it\/wp-json\/wp\/v2\/posts\/8998\/revisions"}],"wp:featuredmedia":[{"embeddable":true,"href":"https:\/\/informacionlocal.es\/it\/wp-json\/wp\/v2\/media\/8994"}],"wp:attachment":[{"href":"https:\/\/informacionlocal.es\/it\/wp-json\/wp\/v2\/media?parent=8998"}],"wp:term":[{"taxonomy":"category","embeddable":true,"href":"https:\/\/informacionlocal.es\/it\/wp-json\/wp\/v2\/categories?post=8998"},{"taxonomy":"post_tag","embeddable":true,"href":"https:\/\/informacionlocal.es\/it\/wp-json\/wp\/v2\/tags?post=8998"}],"curies":[{"name":"wp","href":"https:\/\/api.w.org\/{rel}","templated":true}]}}