{"id":8985,"date":"2025-07-31T21:58:23","date_gmt":"2025-07-31T20:58:23","guid":{"rendered":"https:\/\/informacionlocal.es\/inizio-dei-corsi-estivi-di-sostegno-organizzati-dal-comune-di-antigua-in-otto-citta-e-villaggi\/"},"modified":"2025-07-31T21:58:23","modified_gmt":"2025-07-31T20:58:23","slug":"inizio-dei-corsi-estivi-di-sostegno-organizzati-dal-comune-di-antigua-in-otto-citta-e-villaggi","status":"publish","type":"post","link":"https:\/\/informacionlocal.es\/it\/inizio-dei-corsi-estivi-di-sostegno-organizzati-dal-comune-di-antigua-in-otto-citta-e-villaggi\/","title":{"rendered":"Inizio dei corsi estivi di sostegno organizzati dal Comune di Antigua in otto citt\u00e0 e villaggi."},"content":{"rendered":"<div class=\"elementor-widget-container\">\n<p><strong>Inizio dei corsi estivi di sostegno organizzati dal Comune di Antigua in otto citt\u00e0 e villaggi.<\/strong><\/p>\n<p><strong>&#8211; Corsi di sostegno, gratuiti e faccia a faccia con il supporto, i consigli e le spiegazioni di un team di insegnanti.  <\/strong><br \/><strong>&#8211; Le lezioni di sostegno si terranno dal 1\u00b0 agosto al mattino nei centri culturali di Casillas de Morales, Triquivijate, Agua de Bueyes, Caleta de Fuste, Costa de Antigua, Los Alares, Valles de Ortega e nella Biblioteca Comunale di Antigua.  <\/strong><br \/><strong>&#8211; L&#8217;iscrizione \u00e8 obbligatoria presso il Municipio di Antigua, l&#8217;Ufficio del Sindaco a Caleta de Fuste o online su www.ayto-antigua.es, con preferenza per gli studenti registrati nel comune.<\/strong><br \/><strong>&#8211; Le classi di supporto rafforzano gli studi e risolvono i problemi con lezioni frontali o via e-mail clasesdeapoyo@ayto-antigua.es<\/strong><\/p>\n<p>L&#8217;Assessorato all&#8217;Educazione del Comune di Antigua sta organizzando i corsi estivi di sostegno, che sono gratuiti e vicini alle case degli studenti, in quanto sono organizzati in otto localit\u00e0 del comune, al mattino, spiega l&#8217;assessore di questa zona, Am\u00e9rica Soto, a partire dal 1\u00b0 agosto fino al 5 settembre, al mattino.<\/p>\n<p>L&#8217;obiettivo delle classi di sostegno, secondo il sindaco Mat\u00edas Pe\u00f1a, \u00e8 quello di rispondere alle domande degli studenti, insegnare i metodi di studio e sostenere lo studio di alcune materie selezionate, sia di persona presso i centri culturali sia inviando un&#8217;e-mail a clasesdeapoyo@ayto-antigua.es.<\/p>\n<p>L&#8217;unico requisito per usufruire di queste classi di sostegno \u00e8 iscriversi in anticipo,<br \/>, registrandosi presso il Municipio di Antigua, l&#8217;Ufficio del Sindaco a Caleta de Fuste o online.<\/p>\n<p>Le lezioni si tengono ad Antigua il luned\u00ec, mercoled\u00ec e gioved\u00ec dalle ore 08:00 alle ore 09:30, a Casillas de Morales il marted\u00ec dalle ore 12:00 alle ore 13:30, a Triquivijate il luned\u00ec e il gioved\u00ec dalle ore 10:00 alle ore 11:30, ad Agua de Bueyes il mercoled\u00ec dalle ore 10:00 alle ore 11:30 e il venerd\u00ec dalle ore 12:00 alle ore 13:30:00 alle 13:30, a Caleta de Fuste il marted\u00ec e il venerd\u00ec dalle 08:00 alle 09:30, a Costa de Antigua il marted\u00ec e il venerd\u00ec dalle 10:00 alle 11:30, a Los Alares il mercoled\u00ec dalle 12:00 alle 13:30 e a Valles de Ortega il luned\u00ec e il gioved\u00ec dalle 12:00 alle 13:30.<\/p>\n<\/p>\n<\/div>\n","protected":false},"excerpt":{"rendered":"<p><strong>Inizio dei corsi estivi di sostegno organizzati dal Comune di Antigua in otto citt\u00e0 e villaggi.<\/strong><\/p>\n","protected":false},"author":1,"featured_media":8982,"comment_status":"open","ping_status":"open","sticky":false,"template":"","format":"standard","meta":{"inline_featured_image":false,"jnews-multi-image_gallery":[],"jnews_single_post":[],"jnews_primary_category":[],"jnews_social_meta":[],"jnews_override_counter":[],"jnews_post_split":[],"footnotes":""},"categories":[282],"tags":[309],"class_list":["post-8985","post","type-post","status-publish","format-standard","has-post-thumbnail","hentry","category-antigua-it","tag-educacion-it"],"jetpack_featured_media_url":"https:\/\/informacionlocal.es\/wp-content\/uploads\/2025\/07\/biblioteca-municipal-de-antigua-2-scaled-1.jpg","_links":{"self":[{"href":"https:\/\/informacionlocal.es\/it\/wp-json\/wp\/v2\/posts\/8985","targetHints":{"allow":["GET"]}}],"collection":[{"href":"https:\/\/informacionlocal.es\/it\/wp-json\/wp\/v2\/posts"}],"about":[{"href":"https:\/\/informacionlocal.es\/it\/wp-json\/wp\/v2\/types\/post"}],"author":[{"embeddable":true,"href":"https:\/\/informacionlocal.es\/it\/wp-json\/wp\/v2\/users\/1"}],"replies":[{"embeddable":true,"href":"https:\/\/informacionlocal.es\/it\/wp-json\/wp\/v2\/comments?post=8985"}],"version-history":[{"count":0,"href":"https:\/\/informacionlocal.es\/it\/wp-json\/wp\/v2\/posts\/8985\/revisions"}],"wp:featuredmedia":[{"embeddable":true,"href":"https:\/\/informacionlocal.es\/it\/wp-json\/wp\/v2\/media\/8982"}],"wp:attachment":[{"href":"https:\/\/informacionlocal.es\/it\/wp-json\/wp\/v2\/media?parent=8985"}],"wp:term":[{"taxonomy":"category","embeddable":true,"href":"https:\/\/informacionlocal.es\/it\/wp-json\/wp\/v2\/categories?post=8985"},{"taxonomy":"post_tag","embeddable":true,"href":"https:\/\/informacionlocal.es\/it\/wp-json\/wp\/v2\/tags?post=8985"}],"curies":[{"name":"wp","href":"https:\/\/api.w.org\/{rel}","templated":true}]}}