{"id":8961,"date":"2025-07-31T19:58:23","date_gmt":"2025-07-31T18:58:23","guid":{"rendered":"https:\/\/informacionlocal.es\/antigua-organizza-il-laboratorio-di-consapevolezza-fonologica-per-bambini\/"},"modified":"2025-07-31T19:58:23","modified_gmt":"2025-07-31T18:58:23","slug":"antigua-organizza-il-laboratorio-di-consapevolezza-fonologica-per-bambini","status":"publish","type":"post","link":"https:\/\/informacionlocal.es\/it\/antigua-organizza-il-laboratorio-di-consapevolezza-fonologica-per-bambini\/","title":{"rendered":"Antigua organizza il Laboratorio di consapevolezza fonologica per bambini"},"content":{"rendered":"<div class=\"elementor-widget-container\">\n<p><strong>Antigua organizza il Laboratorio di consapevolezza fonologica per bambini<\/strong><\/p>\n<p><strong>&#8211; Questo venerd\u00ec presso la Biblioteca Comunale di Antigua i bambini dai 6 ai 12 anni potranno divertirsi a giocare con i suoni.  <\/strong><br \/><strong>&#8211; Un laboratorio gratuito per esplorare il mondo delle parole attraverso il suono delle lettere e delle sillabe con attivit\u00e0 dinamiche ed educative.<\/strong><\/p>\n<p>Il Dipartimento di Cultura del Comune di Antigua organizza un innovativo e sorprendente laboratorio di consapevolezza fonologica per bambini dai 6 ai 12 anni, questo venerd\u00ec 1 agosto, dalle ore 10:00, presso la Biblioteca Comunale di Antigua.<\/p>\n<p>Un laboratorio molto interessante che propone di giocare con i suoni che emettiamo quando pronunciamo lettere o sillabe, spiega il consigliere di zona, Jonathan Pe\u00f1a, esplorando il mondo delle parole attraverso attivit\u00e0 dinamiche, educative e divertenti.<\/p>\n<p>Un laboratorio di consapevolezza fonologica completa il programma culturale estivo in ogni centro e localit\u00e0, ricorda il sindaco, Mat\u00edas Pe\u00f1a Garc\u00eda, offrendo attivit\u00e0 e giochi con iscrizione gratuita per facilitare l&#8217;accesso a qualsiasi persona interessata, ragazzo, ragazza o giovane.<\/p>\n<p>E conclude il sindaco, manterremo la stessa linea di offerta durante questa estate, la migliore e la pi\u00f9 nuova, con i migliori professionisti e sempre l&#8217;iscrizione gratuita e le facilitazioni nell&#8217;accesso o negli spostamenti se necessario, ma questa estate \u00e8 un&#8217;estate da godere per tutti e per tutti i residenti del comune indipendentemente dall&#8217;et\u00e0 o dal profilo sociale.<\/p>\n<\/div>\n","protected":false},"excerpt":{"rendered":"<p><strong>Antigua organizza il Laboratorio di consapevolezza fonologica per bambini<\/strong><\/p>\n","protected":false},"author":1,"featured_media":8958,"comment_status":"open","ping_status":"open","sticky":false,"template":"","format":"standard","meta":{"inline_featured_image":false,"jnews-multi-image_gallery":[],"jnews_single_post":[],"jnews_primary_category":[],"jnews_social_meta":[],"jnews_override_counter":[],"jnews_post_split":[],"footnotes":""},"categories":[282],"tags":[],"class_list":["post-8961","post","type-post","status-publish","format-standard","has-post-thumbnail","hentry","category-antigua-it"],"jetpack_featured_media_url":"https:\/\/informacionlocal.es\/wp-content\/uploads\/2025\/07\/1-agosto-jugando-con-los-sonidos-scaled-1.jpg","_links":{"self":[{"href":"https:\/\/informacionlocal.es\/it\/wp-json\/wp\/v2\/posts\/8961","targetHints":{"allow":["GET"]}}],"collection":[{"href":"https:\/\/informacionlocal.es\/it\/wp-json\/wp\/v2\/posts"}],"about":[{"href":"https:\/\/informacionlocal.es\/it\/wp-json\/wp\/v2\/types\/post"}],"author":[{"embeddable":true,"href":"https:\/\/informacionlocal.es\/it\/wp-json\/wp\/v2\/users\/1"}],"replies":[{"embeddable":true,"href":"https:\/\/informacionlocal.es\/it\/wp-json\/wp\/v2\/comments?post=8961"}],"version-history":[{"count":0,"href":"https:\/\/informacionlocal.es\/it\/wp-json\/wp\/v2\/posts\/8961\/revisions"}],"wp:featuredmedia":[{"embeddable":true,"href":"https:\/\/informacionlocal.es\/it\/wp-json\/wp\/v2\/media\/8958"}],"wp:attachment":[{"href":"https:\/\/informacionlocal.es\/it\/wp-json\/wp\/v2\/media?parent=8961"}],"wp:term":[{"taxonomy":"category","embeddable":true,"href":"https:\/\/informacionlocal.es\/it\/wp-json\/wp\/v2\/categories?post=8961"},{"taxonomy":"post_tag","embeddable":true,"href":"https:\/\/informacionlocal.es\/it\/wp-json\/wp\/v2\/tags?post=8961"}],"curies":[{"name":"wp","href":"https:\/\/api.w.org\/{rel}","templated":true}]}}