{"id":8949,"date":"2025-07-31T18:58:23","date_gmt":"2025-07-31T17:58:23","guid":{"rendered":"https:\/\/informacionlocal.es\/il-cabildo-di-fuerteventura-inizia-i-lavori-per-la-prima-fase-della-ristrutturazione-della-casa-del-ingles\/"},"modified":"2025-07-31T18:58:23","modified_gmt":"2025-07-31T17:58:23","slug":"il-cabildo-di-fuerteventura-inizia-i-lavori-per-la-prima-fase-della-ristrutturazione-della-casa-del-ingles","status":"publish","type":"post","link":"https:\/\/informacionlocal.es\/it\/il-cabildo-di-fuerteventura-inizia-i-lavori-per-la-prima-fase-della-ristrutturazione-della-casa-del-ingles\/","title":{"rendered":"Il Cabildo di Fuerteventura inizia i lavori per la prima fase della ristrutturazione della Casa del Ingl\u00e9s"},"content":{"rendered":"<div class=\"entry-content\"><strong>31 luglio 2025<\/strong><\/p>\n<p>Il Cabildo di Fuerteventura, attraverso il Dipartimento dei Beni Culturali, ha iniziato i lavori della prima fase del progetto di riabilitazione della Casa del Ingl\u00e9s, nel comune di La Oliva.<\/p>\n<p>Queste prime azioni comportano un investimento di quasi 650.000 euro e consistono nella stabilizzazione del tetto e della facciata, come passo importante in un progetto pi\u00f9 ampio di riabilitazione completa e successivo utilizzo di un edificio che \u00e8 uno dei pi\u00f9 importanti elementi del patrimonio di Fuerteventura, come ha spiegato la presidente del Cabildo, Lola Garc\u00eda.<\/p>\n<p>L&#8217;assessore ai Beni culturali, Rayco Le\u00f3n, ha sottolineato che &#8220;questa prima fase di stabilizzazione dell&#8217;edificio \u00e8 un passo fondamentale per i futuri interventi nell&#8217;edificio&#8221;. Con un periodo di completamento di cinque mesi, questi primi lavori garantiranno la sicurezza e la stabilit\u00e0 dell&#8217;edificio. Inoltre, ha sottolineato, i lavori che inizieranno la prossima settimana comprendono uno studio per determinare lo stato attuale dell&#8217;edificio e dei materiali che lo compongono.  <\/p>\n<p>Durante la visita ai lavori, sono stati accompagnati dal sindaco di La Oliva, Isa\u00ed Blanco, e dall&#8217;assessore alla Cultura, David Hern\u00e1ndez, che hanno espresso la loro gratitudine per l&#8217;impegno del Cabildo nei confronti del patrimonio dell&#8217;isola, in questo caso con un progetto che valorizzer\u00e0 un elemento architettonico cos\u00ec importante del centro storico di La Oliva.<\/p>\n<p><strong>Importanza storica<\/strong><\/p>\n<p>La Casa del Ingl\u00e9s \u00e8 uno degli edifici pi\u00f9 emblematici del comune. Un edificio unico, i cui valori architettonici lo hanno portato a essere dichiarato Bene di Interesse Culturale (BIC).   <\/p>\n<p>La casa, a pianta quadrangolare e a doppia altezza, si articola intorno a un ampio cortile. \u00c8 costruita con buone pareti in muratura, utilizzando conci negli angoli. <\/p>\n<p>La casa fu costruita dal signor Juli\u00e1n Leal Sicilia, la cui famiglia (originaria di La Palma) si dedicava all&#8217;agricoltura e al commercio tra le Isole Canarie e l&#8217;America. In seguito, divenne propriet\u00e0 di John Parkinson, un naturalista inglese dedito allo studio della flora e della fauna che trascorse lunghi periodi di tempo a Fuerteventura. \u00c8 la presenza di Parkinson a Fuerteventura che \u00e8 stata ricordata e la casa \u00e8 ancora oggi conosciuta come Casa del Ingl\u00e9s (Casa dell&#8217;Inglese).  <\/p>\n<\/div>\n","protected":false},"excerpt":{"rendered":"<p>31 luglio 2025 Il Cabildo di Fuerteventura, attraverso il Dipartimento dei Beni Culturali, ha iniziato i lavori della prima fase del progetto di riabilitazione della Casa del Ingl\u00e9s, nel comune [&hellip;]<\/p>\n","protected":false},"author":1,"featured_media":8946,"comment_status":"open","ping_status":"open","sticky":false,"template":"","format":"standard","meta":{"inline_featured_image":false,"jnews-multi-image_gallery":[],"jnews_single_post":[],"jnews_primary_category":[],"jnews_social_meta":[],"jnews_override_counter":[],"jnews_post_split":[],"footnotes":""},"categories":[289],"tags":[223],"class_list":["post-8949","post","type-post","status-publish","format-standard","has-post-thumbnail","hentry","category-cabildo-it","tag-fuerteventura-it"],"jetpack_featured_media_url":"https:\/\/informacionlocal.es\/wp-content\/uploads\/2025\/07\/fdbb.jpeg","_links":{"self":[{"href":"https:\/\/informacionlocal.es\/it\/wp-json\/wp\/v2\/posts\/8949","targetHints":{"allow":["GET"]}}],"collection":[{"href":"https:\/\/informacionlocal.es\/it\/wp-json\/wp\/v2\/posts"}],"about":[{"href":"https:\/\/informacionlocal.es\/it\/wp-json\/wp\/v2\/types\/post"}],"author":[{"embeddable":true,"href":"https:\/\/informacionlocal.es\/it\/wp-json\/wp\/v2\/users\/1"}],"replies":[{"embeddable":true,"href":"https:\/\/informacionlocal.es\/it\/wp-json\/wp\/v2\/comments?post=8949"}],"version-history":[{"count":0,"href":"https:\/\/informacionlocal.es\/it\/wp-json\/wp\/v2\/posts\/8949\/revisions"}],"wp:featuredmedia":[{"embeddable":true,"href":"https:\/\/informacionlocal.es\/it\/wp-json\/wp\/v2\/media\/8946"}],"wp:attachment":[{"href":"https:\/\/informacionlocal.es\/it\/wp-json\/wp\/v2\/media?parent=8949"}],"wp:term":[{"taxonomy":"category","embeddable":true,"href":"https:\/\/informacionlocal.es\/it\/wp-json\/wp\/v2\/categories?post=8949"},{"taxonomy":"post_tag","embeddable":true,"href":"https:\/\/informacionlocal.es\/it\/wp-json\/wp\/v2\/tags?post=8949"}],"curies":[{"name":"wp","href":"https:\/\/api.w.org\/{rel}","templated":true}]}}