{"id":8939,"date":"2025-07-31T17:58:35","date_gmt":"2025-07-31T16:58:35","guid":{"rendered":"https:\/\/informacionlocal.es\/venti-ore-di-musica-non-stop-al-caleta-sound-fest\/"},"modified":"2025-07-31T17:58:35","modified_gmt":"2025-07-31T16:58:35","slug":"venti-ore-di-musica-non-stop-al-caleta-sound-fest","status":"publish","type":"post","link":"https:\/\/informacionlocal.es\/it\/venti-ore-di-musica-non-stop-al-caleta-sound-fest\/","title":{"rendered":"Venti ore di musica non-stop al Caleta Sound Fest"},"content":{"rendered":"<div class=\"elementor-widget-container\">\n<p><strong>Venti ore di musica non-stop al Caleta Sound Fest<\/strong><\/p>\n<p><strong>&#8211; Il palco del Caleta Sound Fest inizia a vibrare questo venerd\u00ec 1 agosto dalle 17:00 alle 03:00 del mattino.  <\/strong><br \/><strong>&#8211; Alma Rebelde, Eclipse Reggae, Paradise Tribute Coldplay ad aprire una line-up di lusso a cui non mancher\u00e0 la cantante star della scena internazionale, lo streamer Luck Ra, e il popolare DJ Abian Reyes a chiudere la serata.<\/strong><br \/><strong>&#8211; Caleta Sound Fest, uno sforzo di oltre 300.000 euro di investimenti comunali, che riporta Caleta de Fuste nel circuito dei principali festival musicali delle Isole Canarie.<\/strong><\/p>\n<p>La prima ed entusiasmante serata e prima mattinata del Caleta Sound Fest prende il via questo venerd\u00ec 1 agosto sulla spiaggia di El Castillo, con tutto pronto per godersi la migliore formazione musicale, il circuito gastronomico e la migliore atmosfera, spaziosa, riparata e in riva al mare che si possa trovare, afferma l&#8217;Assessore al Turismo, Kristina Rodewig.<\/p>\n<p>La prima serata del Caleta Sound Fest \u00e8 pura dinamite da gustare fin dal primo minuto con i testi e i ritmi degli Alma Rebelde, seguiti dal rilassato Eclipse Reggae, per poi lasciare spazio a uno dei migliori tributi al mondo ai Coldplay offerto dai Paradise che trasmettono l&#8217;emozione e la magia dei loro temi principali, e a raggiungere il culmine della maratona musicale delle prime ore del venerd\u00ec mattina, la cantante star della scena internazionale, lo streamer Luck Ra, sprecando empatia, vicinanza, con le sue canzoni pi\u00f9 vicine, sociali e irriverenti; conclude l&#8217;assessore, e congeda le prime ore del mattino chi meglio del popolare DJ Abian Reyes.<\/p>\n<p>Sabato, la musica inizia a mezzogiorno, su un palco sotto il sole caldo accanto al mare rinfrescante sulla spiaggia di El Castillo, dando il via al Day Festival con Aseres, Miss Band e lo spettacolare DJ e cantanti Supersonikka, che raggiunger\u00e0 le cinque del pomeriggio per iniziare lo spettacolo musicale caleta Sound Fest con l&#8217;esibizione di Qu\u00e9 Chimba, il Tina Turner Tribute che imita la sua voce, la grinta e l&#8217;energia dei The Rock Show Experience, e il pop punk non-stop della Da Igual Band, prima di lasciare spazio al gruppo fusion Chambao con i suoi migliori brani di flamenco-pop rinfrescante e genuino, con la DJ Supersonikka a fare da chiusura folle.<\/p>\n<p>Pronti e disponibili, dice il sindaco Mat\u00edas Pe\u00f1a, ad accogliere i vicini di tutte le localit\u00e0 del comune, dell&#8217;isola e anche di altre isole che vengono a godersi il ritorno e il recupero del Beach Party, che torna con ambizioni per il futuro, come la maratona musicale dell&#8217;estate, il Caleta Sound Festival.<\/p>\n<p>E conclude il sindaco, uno sforzo di oltre 300.000 euro che riporta Caleta de Fuste nel circuito dei principali festival musicali delle Canarie.<\/p>\n<\/div>\n","protected":false},"excerpt":{"rendered":"<p><strong>Venti ore di musica non-stop al Caleta Sound Fest<\/strong><\/p>\n","protected":false},"author":1,"featured_media":8934,"comment_status":"open","ping_status":"open","sticky":false,"template":"","format":"standard","meta":{"inline_featured_image":false,"jnews-multi-image_gallery":[],"jnews_single_post":[],"jnews_primary_category":[],"jnews_social_meta":[],"jnews_override_counter":[],"jnews_post_split":[],"footnotes":""},"categories":[282],"tags":[],"class_list":["post-8939","post","type-post","status-publish","format-standard","has-post-thumbnail","hentry","category-antigua-it"],"jetpack_featured_media_url":"https:\/\/informacionlocal.es\/wp-content\/uploads\/2025\/07\/imagen-de-whatsapp-2025-07-24-a-las-12-07-09_a5f95097-1.jpg","_links":{"self":[{"href":"https:\/\/informacionlocal.es\/it\/wp-json\/wp\/v2\/posts\/8939","targetHints":{"allow":["GET"]}}],"collection":[{"href":"https:\/\/informacionlocal.es\/it\/wp-json\/wp\/v2\/posts"}],"about":[{"href":"https:\/\/informacionlocal.es\/it\/wp-json\/wp\/v2\/types\/post"}],"author":[{"embeddable":true,"href":"https:\/\/informacionlocal.es\/it\/wp-json\/wp\/v2\/users\/1"}],"replies":[{"embeddable":true,"href":"https:\/\/informacionlocal.es\/it\/wp-json\/wp\/v2\/comments?post=8939"}],"version-history":[{"count":0,"href":"https:\/\/informacionlocal.es\/it\/wp-json\/wp\/v2\/posts\/8939\/revisions"}],"wp:featuredmedia":[{"embeddable":true,"href":"https:\/\/informacionlocal.es\/it\/wp-json\/wp\/v2\/media\/8934"}],"wp:attachment":[{"href":"https:\/\/informacionlocal.es\/it\/wp-json\/wp\/v2\/media?parent=8939"}],"wp:term":[{"taxonomy":"category","embeddable":true,"href":"https:\/\/informacionlocal.es\/it\/wp-json\/wp\/v2\/categories?post=8939"},{"taxonomy":"post_tag","embeddable":true,"href":"https:\/\/informacionlocal.es\/it\/wp-json\/wp\/v2\/tags?post=8939"}],"curies":[{"name":"wp","href":"https:\/\/api.w.org\/{rel}","templated":true}]}}