{"id":8925,"date":"2025-07-31T16:58:29","date_gmt":"2025-07-31T15:58:29","guid":{"rendered":"https:\/\/informacionlocal.es\/il-cabildo-fornira-un-servizio-speciale-di-autobus-questo-fine-settimana-per-il-caleta-sound-fest-beach-party\/"},"modified":"2025-07-31T16:58:29","modified_gmt":"2025-07-31T15:58:29","slug":"il-cabildo-fornira-un-servizio-speciale-di-autobus-questo-fine-settimana-per-il-caleta-sound-fest-beach-party","status":"publish","type":"post","link":"https:\/\/informacionlocal.es\/it\/il-cabildo-fornira-un-servizio-speciale-di-autobus-questo-fine-settimana-per-il-caleta-sound-fest-beach-party\/","title":{"rendered":"Il Cabildo fornir\u00e0 un servizio speciale di autobus questo fine settimana per il Caleta Sound Fest Beach Party."},"content":{"rendered":"<div class=\"entry-content\"><strong>31 luglio 2025<\/strong><\/p>\n<p>Il Cabildo di Fuerteventura, attraverso il Dipartimento dei Trasporti e la societ\u00e0 concessionaria del servizio di trasporto interurbano regolare, ha istituito un servizio speciale di autobus questo fine settimana per celebrare il Caleta Sound Fest Beach Party, organizzato dal Municipio di Antigua.<\/p>\n<p>Oltre alle linee regolari, sono disponibili i seguenti servizi speciali:<\/p>\n<p><strong>Linea A<\/strong><\/p>\n<p>-Stazione degli autobus di Puerto del Rosario &#8211; Fermata di Caleta de Fuste: 21.00, 22.30 e 00.30.<\/p>\n<p>-Stazione degli autobus di Caleta de Fuste-Puerto del Rosario: ore 21.45, 23.15, 02.00, 03.30 e 05.00.<\/p>\n<p><strong>Linea B<\/strong><\/p>\n<p>-Fermata preferenziale di Gran Tarajal &#8211; Fermata preferenziale di Caleta de Fuste:<\/p>\n<p>21.15, 22.45 e 00.30.<\/p>\n<p>Fermata preferenziale Caleta de Fuste &#8211; Fermata preferenziale Caleta de Fuste &#8211; Fermata preferenziale Gran Tarajal:<\/p>\n<p>22.00, 23.30, 01.30, 03.45 e 05.00.<\/p>\n<p>Per il resto dei servizi, consultare le linee 03, 10 e 16 su: https:\/\/tiadhe.com\/todas-las-rutas\/<\/p>\n<p>\u00c8 vietato portare cibo e bevande sugli autobus del servizio speciale e non \u00e8 possibile utilizzare i vani bagagli. \u00c8 consentito l&#8217;uso del voucher. <\/p>\n<\/div>\n","protected":false},"excerpt":{"rendered":"<p>31 luglio 2025 Il Cabildo di Fuerteventura, attraverso il Dipartimento dei Trasporti e la societ\u00e0 concessionaria del servizio di trasporto interurbano regolare, ha istituito un servizio speciale di autobus questo [&hellip;]<\/p>\n","protected":false},"author":1,"featured_media":8922,"comment_status":"open","ping_status":"open","sticky":false,"template":"","format":"standard","meta":{"inline_featured_image":false,"jnews-multi-image_gallery":[],"jnews_single_post":[],"jnews_primary_category":[],"jnews_social_meta":[],"jnews_override_counter":[],"jnews_post_split":[],"footnotes":""},"categories":[289],"tags":[223,204],"class_list":["post-8925","post","type-post","status-publish","format-standard","has-post-thumbnail","hentry","category-cabildo-it","tag-fuerteventura-it","tag-trasporto"],"jetpack_featured_media_url":"https:\/\/informacionlocal.es\/wp-content\/uploads\/2025\/07\/efef.jpeg","_links":{"self":[{"href":"https:\/\/informacionlocal.es\/it\/wp-json\/wp\/v2\/posts\/8925","targetHints":{"allow":["GET"]}}],"collection":[{"href":"https:\/\/informacionlocal.es\/it\/wp-json\/wp\/v2\/posts"}],"about":[{"href":"https:\/\/informacionlocal.es\/it\/wp-json\/wp\/v2\/types\/post"}],"author":[{"embeddable":true,"href":"https:\/\/informacionlocal.es\/it\/wp-json\/wp\/v2\/users\/1"}],"replies":[{"embeddable":true,"href":"https:\/\/informacionlocal.es\/it\/wp-json\/wp\/v2\/comments?post=8925"}],"version-history":[{"count":0,"href":"https:\/\/informacionlocal.es\/it\/wp-json\/wp\/v2\/posts\/8925\/revisions"}],"wp:featuredmedia":[{"embeddable":true,"href":"https:\/\/informacionlocal.es\/it\/wp-json\/wp\/v2\/media\/8922"}],"wp:attachment":[{"href":"https:\/\/informacionlocal.es\/it\/wp-json\/wp\/v2\/media?parent=8925"}],"wp:term":[{"taxonomy":"category","embeddable":true,"href":"https:\/\/informacionlocal.es\/it\/wp-json\/wp\/v2\/categories?post=8925"},{"taxonomy":"post_tag","embeddable":true,"href":"https:\/\/informacionlocal.es\/it\/wp-json\/wp\/v2\/tags?post=8925"}],"curies":[{"name":"wp","href":"https:\/\/api.w.org\/{rel}","templated":true}]}}