{"id":8902,"date":"2025-07-31T14:58:37","date_gmt":"2025-07-31T13:58:37","guid":{"rendered":"https:\/\/informacionlocal.es\/il-comune-e-laffa-promuovono-il-programma-guarecer-pajara\/"},"modified":"2025-07-31T14:58:37","modified_gmt":"2025-07-31T13:58:37","slug":"il-comune-e-laffa-promuovono-il-programma-guarecer-pajara","status":"publish","type":"post","link":"https:\/\/informacionlocal.es\/it\/il-comune-e-laffa-promuovono-il-programma-guarecer-pajara\/","title":{"rendered":"Il Comune e l&#8217;AFFA promuovono il programma Guarecer P\u00e1jara"},"content":{"rendered":"<div class=\"entry-content\">\n<p><b><i>L&#8217;iniziativa, del valore di 80.000 euro, fornir\u00e0 un&#8217;assistenza completa alle persone affette da demenza e un supporto alle loro famiglie.  <\/i><\/b><\/p>\n<p><span>Il Comune di P\u00e1jara, attraverso il Dipartimento dei Servizi Sociali, ha firmato un accordo di collaborazione con l&#8217;Associazione Fuerteventina dei Parenti dei Malati di Alzheimer e altre Demenze (AFFA), finalizzato a garantire un&#8217;assistenza completa alle persone con diagnosi di demenza, compresa la malattia di Alzheimer, nel comune. L&#8217;accordo, denominato &#8220;Guarecer P\u00e1jara&#8221;, prevede una sovvenzione comunale di 80.000 euro e sar\u00e0 in vigore da gennaio a dicembre 2025.   <\/span><\/p>\n<p><span>Questo accordo mira a garantire un servizio specializzato, accessibile ed equo per le persone in situazione di dipendenza con una diagnosi di demenza. La firma dell&#8217;accordo riflette il fermo impegno del Comune a migliorare la qualit\u00e0 della vita dei residenti pi\u00f9 vulnerabili e a sostenere le loro famiglie.   <\/span><\/p>\n<p><span>La consigliera della zona, Kathaisa Rodr\u00edguez, sottolinea l&#8217;importanza di sostenere e collaborare con i servizi necessari per le persone non autosufficienti e le loro famiglie nel sud dell&#8217;isola. &#8220;L&#8217;obiettivo generale del programma &#8216;Guarecer P\u00e1jara&#8217; \u00e8 garantire la continuit\u00e0 dell&#8217;assistenza completa alle persone affette da demenza nel comune, promuovendo la loro autonomia e il loro benessere. Per raggiungere questo obiettivo, verranno sviluppate una serie di attivit\u00e0 sia per i beneficiari che per le loro famiglie che li assistono&#8221;, spiega l&#8217;autrice.   <\/span><\/p>\n<p><span>Il primo vicesindaco, Alexis Alonso, sottolinea il valore della cooperazione tra amministrazioni ed enti come l&#8217;AFFA, che sono fondamentali per la nostra societ\u00e0. &#8220;Questo accordo \u00e8 uno strumento che rafforza la rete di assistenza sociale e migliora la qualit\u00e0 della vita nel nostro comune&#8221;, afferma.   <\/span><\/p>\n<p><span>Da parte sua, il sindaco di P\u00e1jara, Alejandro Jorge, sottolinea l&#8217;importanza della firma di questo accordo, in quanto &#8220;aiuter\u00e0 le famiglie in questa situazione&#8221; e &#8220;dimostra l&#8217;impegno, da un lato, dell&#8217;AFFA e, dall&#8217;altro, del Municipio di P\u00e1jara a raggiungere accordi a beneficio della popolazione del comune&#8221;.  <\/span><\/p>\n<p><span>La presidente dell&#8217;Associazione AFFA, Teresa Cabrera Morales, \u00e8 grata per il sostegno del Comune di P\u00e1jara e sottolinea l&#8217;importanza di questo tipo di collaborazione. &#8220;Con questa iniziativa saremo in grado di continuare a sviluppare un&#8217;assistenza centrata sulla persona, che rispetti i suoi diritti e le sue necessit\u00e0, fornendo allo stesso tempo sostegno alle famiglie che si occupano di assistenza&#8221;, osserva.   <\/span><\/p>\n<p><span>Le azioni previste comprendono sessioni di stimolazione cognitiva e salute emotiva, consulenza e supporto nelle procedure per gli assistenti familiari, coordinamento con i servizi sociali e sanitari e creazione di gruppi di sostegno reciproco con incontri e laboratori finalizzati alla cura di s\u00e9 e al rafforzamento dell&#8217;ambiente familiare.  <\/span><\/p>\n<\/div>\n","protected":false},"excerpt":{"rendered":"<p><i>L&#8217;iniziativa, dotata di 80.000 euro, fornir\u00e0 un&#8217;assistenza completa alle persone affette da demenza e un supporto alle loro famiglie.  <\/i><\/p>\n","protected":false},"author":1,"featured_media":8898,"comment_status":"open","ping_status":"open","sticky":false,"template":"","format":"standard","meta":{"inline_featured_image":false,"jnews-multi-image_gallery":[],"jnews_single_post":[],"jnews_primary_category":[],"jnews_social_meta":[],"jnews_override_counter":[],"jnews_post_split":[],"footnotes":""},"categories":[298],"tags":[223],"class_list":["post-8902","post","type-post","status-publish","format-standard","has-post-thumbnail","hentry","category-pajara-it","tag-fuerteventura-it"],"jetpack_featured_media_url":"https:\/\/informacionlocal.es\/wp-content\/uploads\/2025\/07\/affa-e1753966396548.jpeg","_links":{"self":[{"href":"https:\/\/informacionlocal.es\/it\/wp-json\/wp\/v2\/posts\/8902","targetHints":{"allow":["GET"]}}],"collection":[{"href":"https:\/\/informacionlocal.es\/it\/wp-json\/wp\/v2\/posts"}],"about":[{"href":"https:\/\/informacionlocal.es\/it\/wp-json\/wp\/v2\/types\/post"}],"author":[{"embeddable":true,"href":"https:\/\/informacionlocal.es\/it\/wp-json\/wp\/v2\/users\/1"}],"replies":[{"embeddable":true,"href":"https:\/\/informacionlocal.es\/it\/wp-json\/wp\/v2\/comments?post=8902"}],"version-history":[{"count":0,"href":"https:\/\/informacionlocal.es\/it\/wp-json\/wp\/v2\/posts\/8902\/revisions"}],"wp:featuredmedia":[{"embeddable":true,"href":"https:\/\/informacionlocal.es\/it\/wp-json\/wp\/v2\/media\/8898"}],"wp:attachment":[{"href":"https:\/\/informacionlocal.es\/it\/wp-json\/wp\/v2\/media?parent=8902"}],"wp:term":[{"taxonomy":"category","embeddable":true,"href":"https:\/\/informacionlocal.es\/it\/wp-json\/wp\/v2\/categories?post=8902"},{"taxonomy":"post_tag","embeddable":true,"href":"https:\/\/informacionlocal.es\/it\/wp-json\/wp\/v2\/tags?post=8902"}],"curies":[{"name":"wp","href":"https:\/\/api.w.org\/{rel}","templated":true}]}}