{"id":8888,"date":"2025-07-31T14:01:53","date_gmt":"2025-07-31T13:01:53","guid":{"rendered":"https:\/\/informacionlocal.es\/la-oliva-fa-progressi-nella-lotta-per-il-recupero-degli-spazi-pubblici-la-tafena-e-baku\/"},"modified":"2025-07-31T14:01:53","modified_gmt":"2025-07-31T13:01:53","slug":"la-oliva-fa-progressi-nella-lotta-per-il-recupero-degli-spazi-pubblici-la-tafena-e-baku","status":"publish","type":"post","link":"https:\/\/informacionlocal.es\/it\/la-oliva-fa-progressi-nella-lotta-per-il-recupero-degli-spazi-pubblici-la-tafena-e-baku\/","title":{"rendered":"La Oliva fa progressi nella lotta per il recupero degli spazi pubblici La Tafe\u00f1a e Baku."},"content":{"rendered":"<p>Il Comune di La Oliva, attraverso gli assessori alla Contrattazione e al Patrimonio comunale, guidati da Juan Jos\u00e9 Rodr\u00edguez, sta facendo progressi nella soluzione di tre problemi di grande interesse storico per i residenti del comune. Lo studio di fattibilit\u00e0 e la struttura dei costi per l&#8217;appalto dei servizi igienico-sanitari, il recupero degli spazi pubblici di La Tafe\u00f1a e dell&#8217;area di Baku a Corralejo sono le questioni che l&#8217;amministrazione comunale mette sul tavolo durante la sessione plenaria di questo mese.   <\/p>\n<p>In questo senso, sono stati approvati lo studio di fattibilit\u00e0 e la struttura dei costi per l&#8217;appalto dei servizi igienico-sanitari, in primo luogo attraverso le aree di Contrattazione e Salute pubblica. L&#8217;appalto sar\u00e0 utilizzato per la manutenzione e la cura delle strutture attuali.   <\/p>\n<p>D&#8217;altra parte, saranno intraprese azioni legali per recuperare l&#8217;uso della cosiddetta piazza La Tafe\u00f1a a Corralejo. Cos\u00ec, dopo una concessione scaduta per l&#8217;attivit\u00e0 alberghiera e di ristorazione e visto il rifiuto dei proprietari di lasciare il luogo, l&#8217;Amministrazione proceder\u00e0 a prendere le misure appropriate per consentire il recupero di questo luogo. Si noti inoltre che durante la sessione plenaria sono stati approvati anche i primi passi per adottare le misure necessarie al recupero dello spazio pubblico del Baku.    <\/p>\n<p>Il sindaco di La Oliva, Isa\u00ed Blanco, sottolinea l&#8217;importanza di avviare le procedure che permetteranno questi interventi: &#8220;Continuiamo ad andare avanti attraverso l&#8217;approvazione di queste prime procedure nella sessione plenaria di luglio che ci permetteranno di ottenere, da un lato, i servizi igienico-sanitari necessari per il Comune, mentre dall&#8217;altro continuiamo con il recupero di due degli spazi pubblici pi\u00f9 importanti di Corralejo&#8221;.  <\/p>\n<p>Da parte sua, l&#8217;assessore ai Contratti e ai Beni Comunali, Juan Jos\u00e9 Rodr\u00edguez, sottolinea: &#8220;Il fatto di avere la segreteria generale nel nostro Municipio ci permette di affrontare i problemi storici del nostro Comune. Nell&#8217;ambito del Patrimonio comunale, oltre all&#8217;area di Tafe\u00f1a, un&#8217;altra delle questioni che porteremo in plenaria \u00e8 quella di Baku, per la quale abbiamo approvato la scadenza del dossier che era stato approvato tempo fa e che ci permetter\u00e0, prevedibilmente nella plenaria di settembre, di prendere la decisione di avviare i passi necessari per il recupero di quell&#8217;area&#8221;.  <\/p>\n<p>Infine, il vicesindaco, Julio Santana, ha dichiarato: &#8220;Nella sessione plenaria di oggi abbiamo affrontato tre punti molto importanti che avevamo fin dall&#8217;inizio come obiettivo del gruppo di governo. Tra questi c&#8217;\u00e8 il contratto per i servizi igienico-sanitari, in cui \u00e8 stata approvata la struttura economica per poter finalmente finalizzare questo contratto in modo che possa fornirci il servizio igienico-sanitario di cui abbiamo veramente bisogno nel nostro Comune&#8221;.<\/p>\n","protected":false},"excerpt":{"rendered":"<p><span>Il Concistoro fa i primi passi per la sanificazione e il recupero delle piazze pubbliche durante la sessione plenaria di luglio<\/span><\/p>\n","protected":false},"author":1,"featured_media":8886,"comment_status":"open","ping_status":"open","sticky":false,"template":"","format":"standard","meta":{"inline_featured_image":false,"jnews-multi-image_gallery":[],"jnews_single_post":[],"jnews_primary_category":[],"jnews_social_meta":[],"jnews_override_counter":[],"jnews_post_split":[],"footnotes":""},"categories":[292],"tags":[247],"class_list":["post-8888","post","type-post","status-publish","format-standard","has-post-thumbnail","hentry","category-la-oliva-it","tag-formalita"],"jetpack_featured_media_url":"https:\/\/informacionlocal.es\/wp-content\/uploads\/2025\/07\/5228_7a85f061.png","_links":{"self":[{"href":"https:\/\/informacionlocal.es\/it\/wp-json\/wp\/v2\/posts\/8888","targetHints":{"allow":["GET"]}}],"collection":[{"href":"https:\/\/informacionlocal.es\/it\/wp-json\/wp\/v2\/posts"}],"about":[{"href":"https:\/\/informacionlocal.es\/it\/wp-json\/wp\/v2\/types\/post"}],"author":[{"embeddable":true,"href":"https:\/\/informacionlocal.es\/it\/wp-json\/wp\/v2\/users\/1"}],"replies":[{"embeddable":true,"href":"https:\/\/informacionlocal.es\/it\/wp-json\/wp\/v2\/comments?post=8888"}],"version-history":[{"count":0,"href":"https:\/\/informacionlocal.es\/it\/wp-json\/wp\/v2\/posts\/8888\/revisions"}],"wp:featuredmedia":[{"embeddable":true,"href":"https:\/\/informacionlocal.es\/it\/wp-json\/wp\/v2\/media\/8886"}],"wp:attachment":[{"href":"https:\/\/informacionlocal.es\/it\/wp-json\/wp\/v2\/media?parent=8888"}],"wp:term":[{"taxonomy":"category","embeddable":true,"href":"https:\/\/informacionlocal.es\/it\/wp-json\/wp\/v2\/categories?post=8888"},{"taxonomy":"post_tag","embeddable":true,"href":"https:\/\/informacionlocal.es\/it\/wp-json\/wp\/v2\/tags?post=8888"}],"curies":[{"name":"wp","href":"https:\/\/api.w.org\/{rel}","templated":true}]}}