{"id":8878,"date":"2025-07-31T09:58:27","date_gmt":"2025-07-31T08:58:27","guid":{"rendered":"https:\/\/informacionlocal.es\/il-consiglio-dellisola-di-fuerteventura-il-governo-delle-canarie-e-i-consigli-locali-fanno-progressi-sul-nuovo-tracciato-della-strada-cuchillete-matas-blancas\/"},"modified":"2025-07-31T09:58:27","modified_gmt":"2025-07-31T08:58:27","slug":"il-consiglio-dellisola-di-fuerteventura-il-governo-delle-canarie-e-i-consigli-locali-fanno-progressi-sul-nuovo-tracciato-della-strada-cuchillete-matas-blancas","status":"publish","type":"post","link":"https:\/\/informacionlocal.es\/it\/il-consiglio-dellisola-di-fuerteventura-il-governo-delle-canarie-e-i-consigli-locali-fanno-progressi-sul-nuovo-tracciato-della-strada-cuchillete-matas-blancas\/","title":{"rendered":"Il Consiglio dell&#8217;isola di Fuerteventura, il Governo delle Canarie e i consigli locali fanno progressi sul nuovo tracciato della strada Cuchillete-Matas Blancas."},"content":{"rendered":"<div class=\"entry-content\"><strong>31 luglio 2025<\/strong><\/p>\n<p><\/p>\n<ul>\n<li><em>La proposta incorpora le richieste del Cabildo, dei consigli comunali di<br \/>\ne dei vicini<br \/>\ndopo un processo di revisione tecnica<br \/>\ne di dialogo istituzionale.<\/em><\/li>\n<li><em>Questo incontro \u00e8 il secondo che si terr\u00e0 con i vicini e<br \/>\nvicini per informarli sull&#8217;evoluzione del progetto e per facilitare la loro partecipazione<br \/>\nprima del processo di informazione pubblica.<\/em><\/li>\n<li><em><br \/>\nL&#8217;infrastruttura<br \/>\n, fondamentale per l&#8217;Asse Nord-Sud, migliorer\u00e0 la connettivit\u00e0 e la sicurezza stradale di Fuerteventura con un investimento pi\u00f9 sostenibile e consensuale<br \/>\n.<\/em><\/li>\n<\/ul>\n<p>La presidente<br \/>\ndel Cabildo di Fuerteventura, Lola Garc\u00eda, e il Ministro dei Lavori Pubblici,<br \/>\ndelle Abitazioni e della Mobilit\u00e0 del Governo delle Isole Canarie, Pablo Rodr\u00edguez, hanno tenuto una riunione di lavoro questo marted\u00ec<br \/>\ncon la presidente del Cabildo di Fuerteventura, Lola Garc\u00eda, la sindaca di Tuineje, Candelaria Umpi\u00e9rrez, e il sindaco di P\u00e1jara, Alejandro Jorge,<br \/>\ninsieme ai rispettivi team e ai residenti locali per presentare il nuovo<br \/>\ntracciato del progetto stradale Cuchillete-Matas Blancas, una delle azioni chiave dell&#8217;Asse Nord-Sud<br \/>\ndell&#8217;isola.<\/p>\n<p>Questa proposta aggiornata<br \/>\n\u00e8 il risultato<br \/>\ndi un processo di dialogo<br \/>\ntecnico e tra amministrazioni che ha incluso la<br \/>\nsospensione cautelativa della precedente campagna geotecnica, una revisione delle<br \/>\nalternative da parte della Direzione Generale per le Infrastrutture Stradali e<br \/>\nvari incontri istituzionali. Questo \u00e8 il secondo incontro<br \/>\ncon i vicini, dopo quello tenutosi a febbraio,<br \/>\nin cui sono state raccolte le loro proposte e<br \/>\npreoccupazioni, e che si aggiunge ai numerosi incontri tenuti con il<br \/>\nCabildo de Fuerteventura e i consigli locali dall&#8217;inizio della legislatura. <\/p>\n<p><strong>Un&#8217;infrastruttura progettata per il futuro di Fuerteventura<\/strong><\/p>\n<p>Il nuovo tracciato<br \/>\nprevede un totale di 21 chilometri di strada ad alta capacit\u00e0 con due carreggiate di due corsie<br \/>\nciascuna e sponde rigide, un tunnel di circa 500 metri tra le<br \/>\ngole di Tarajal de Sancho e Guerepe, e cinque nuovi svincoli che<br \/>\nfaciliteranno il collegamento con i nuclei strategici dell&#8217;isola: Gran Tarajal,<br \/>\nMazacote, Giniginamar, Tarajalejo e La Lajita.<\/p>\n<p>Il progetto \u00e8<br \/>\nsuddiviso in quattro sezioni: Il tratto<br \/>\n1 (dal chilometro 0+000<br \/>\nal 5+000) si basa sull&#8217;attuale tracciato<br \/>\ndella FV-2, riducendo al minimo l&#8217;occupazione di suolo, con un<\/p>\n<p>\nvelocit\u00e0 specifica di 120 km\/h e miglioramenti agli accessi alla zona industriale di<br \/>\nCuchillete. La sezione 2 (da 5+000 a 13+350) si allontana dall&#8217;attuale tracciato per<br \/>\nevitare l&#8217;impatto sulle abitazioni, con una velocit\u00e0 di 100 km\/h,<br \/>\ne incorpora collegamenti chiave<br \/>\nper facilitare l&#8217;accesso alle citt\u00e0 costiere<br \/>\ncome Tarajalejo e La Lajita, nonch\u00e9 all&#8217;interno dell&#8217;isola. La<br \/>\nSezione 3 (da 13+350 a 16+100) comprende l&#8217;attraversamento del burrone di Tarajal a<br \/>\nSancho, scartando l&#8217;alternativa parallela alla FV-56 per proteggere le aree agricole e residenziali<br \/>\n. Infine, la Sezione 4 (da 16+100 a 21+300) inizia<br \/>\ncon la costruzione di un tunnel e si collega alla FV-2 a<br \/>\nMatas Blancas, sfruttando l&#8217;orografia del burrone di Guerepe<br \/>\nper integrarsi meglio nell&#8217;ambiente, senza intaccare gli edifici.   <\/p>\n<p>Il nuovo<br \/>\ntracciato del progetto stradale Cuchillete-Matas Blancas sar\u00e0 sottoposto a<br \/>\ninformazione pubblica, un passo fondamentale che permetter\u00e0 ai cittadini e alle<br \/>\namministrazioni interessate di presentare accuse, fare osservazioni o<br \/>\nsollevare dubbi sul documento.<\/p>\n<p><strong>Dialogo,<br \/>\nconsenso e sostenibilit\u00e0<\/strong><\/p>\n<p>La presidente del<br \/>\nCabildo, Lola Garc\u00eda, ha ricordato che &#8220;a febbraio abbiamo incontrato<br \/>\ni residenti di Tuineje e P\u00e1jara per ascoltare le loro preoccupazioni e<br \/>\ni loro contributi sul tracciato dell&#8217;asse nord-sud. Oggi vogliamo ringraziare la<br \/>\nConsejer\u00eda de Obras P\u00fablicas, l&#8217;assessore Pablo Rodr\u00edguez e tutta la sua<br \/>\nsquadra per il loro impegno: sono tornati a Fuerteventura per presentare una proposta aggiornata e concordata<br \/>\nper la sezione Cuchilletes-Matas Blancas, come<br \/>\npromesso. Questo percorso deve far parte del prossimo accordo bilaterale tra<br \/>\nlo Stato e le Isole Canarie, perch\u00e9 \u00e8 fondamentale per la strutturazione di Fuerteventura.<br \/>\nSiamo fiduciosi che, dopo questi incontri con la popolazione, si possa andare verso<br \/>\nuna soluzione definitiva che abbia il sostegno di tutti&#8221;.  <\/p>\n<p>Durante l&#8217;incontro<br \/>\nPablo Rodr\u00edguez ha sottolineato che &#8220;per il Governo delle Isole Canarie, la<br \/>\nmaterializzazione dell&#8217;asse nord-sud sull&#8217;isola di Fuerteventura \u00e8 una<br \/>\npriorit\u00e0 strategica. Si tratta di un&#8217;infrastruttura chiave che fornisce la spina dorsale del territorio, migliora la<br \/>\nmobilit\u00e0 dell&#8217;isola e risponde a una richiesta storica dei cittadini<br \/>\nmajorera&#8221;. <\/p>\n<p>&#8220;Il tratto<br \/>\nCuchilletes-Mata Blanca, che attraversa i comuni di P\u00e1jara e Tuineje, \u00e8<br \/>\nuno dei tratti pi\u00f9 importanti del percorso. Questo \u00e8 il secondo incontro che<br \/>\nabbiamo tenuto con i residenti per ascoltarli e per vedere come<br \/>\ncombinare la necessit\u00e0 di collegare<br \/>\npunti dell&#8217;isola che finora non erano<br \/>\naccessibili e l&#8217;impatto che questo potrebbe avere sui residenti.<br \/>\nNon capiamo altro modo di lavorare se non questo: riunire gli interessi di<br \/>\ntutti ed elaborare un piano che vada a beneficio di tutti gli abitanti delle Canarie e<br \/>\ndelle Canarie&#8221;, ha aggiunto Rodr\u00edguez. <\/p>\n<h1>COMUNICAZIONE<\/h1>\n<p>Sia la sindaca<br \/>\ndi Tuineje, Candelaria Umpi\u00e9rrez, sia il sindaco di P\u00e1jara, Alejandro Jorge, hanno apprezzato la presenza<br \/>\ndell&#8217;\u00e9quipe tecnica del Governo delle Canarie, guidata dall&#8217;assessore, alla riunione di lavoro<br \/>\ntenutasi sull&#8217;isola,<br \/>\nsottolineando anche il sostegno del Cabildo di Fuerteventura.<\/p>\n<p>Entrambi hanno<br \/>\ninsistito sul fatto che questo incontro permette loro di dare seguito ai contributi e ai suggerimenti che i vicini<br \/>\nhanno dato nel corso della precedente riunione, in cui hanno espresso le loro preoccupazioni<br \/>\nsul tracciato inizialmente proposto per la sezione Cuchilletes-Mata Blanca<br \/>\ndell&#8217;asse nord-sud.<\/p>\n<p>Con questa nuova proposta di<br \/>\n, il Governo delle Isole Canarie sta facendo progressi nel suo impegno di realizzare infrastrutture stradali moderne e sostenibili, pienamente adattate alla realt\u00e0 delle isole.\n<\/p>\n<\/div>\n","protected":false},"excerpt":{"rendered":"<p>31 luglio 2025 La proposta incorpora le richieste del Cabildo, dei consigli comunali di e dei vicini dopo un processo di revisione tecnica e di dialogo istituzionale. Questo incontro \u00e8 [&hellip;]<\/p>\n","protected":false},"author":1,"featured_media":8874,"comment_status":"open","ping_status":"open","sticky":false,"template":"","format":"standard","meta":{"inline_featured_image":false,"jnews-multi-image_gallery":[],"jnews_single_post":[],"jnews_primary_category":[],"jnews_social_meta":[],"jnews_override_counter":[],"jnews_post_split":[],"footnotes":""},"categories":[289],"tags":[202,223],"class_list":["post-8878","post","type-post","status-publish","format-standard","has-post-thumbnail","hentry","category-cabildo-it","tag-comuni","tag-fuerteventura-it"],"jetpack_featured_media_url":"https:\/\/informacionlocal.es\/wp-content\/uploads\/2025\/07\/20250730-reunion-consejero-obras-publicas-gobcan_autovia_20250730_pablo_rodriguez_reunion_autovia-16-2-scaled.jpg","_links":{"self":[{"href":"https:\/\/informacionlocal.es\/it\/wp-json\/wp\/v2\/posts\/8878","targetHints":{"allow":["GET"]}}],"collection":[{"href":"https:\/\/informacionlocal.es\/it\/wp-json\/wp\/v2\/posts"}],"about":[{"href":"https:\/\/informacionlocal.es\/it\/wp-json\/wp\/v2\/types\/post"}],"author":[{"embeddable":true,"href":"https:\/\/informacionlocal.es\/it\/wp-json\/wp\/v2\/users\/1"}],"replies":[{"embeddable":true,"href":"https:\/\/informacionlocal.es\/it\/wp-json\/wp\/v2\/comments?post=8878"}],"version-history":[{"count":0,"href":"https:\/\/informacionlocal.es\/it\/wp-json\/wp\/v2\/posts\/8878\/revisions"}],"wp:featuredmedia":[{"embeddable":true,"href":"https:\/\/informacionlocal.es\/it\/wp-json\/wp\/v2\/media\/8874"}],"wp:attachment":[{"href":"https:\/\/informacionlocal.es\/it\/wp-json\/wp\/v2\/media?parent=8878"}],"wp:term":[{"taxonomy":"category","embeddable":true,"href":"https:\/\/informacionlocal.es\/it\/wp-json\/wp\/v2\/categories?post=8878"},{"taxonomy":"post_tag","embeddable":true,"href":"https:\/\/informacionlocal.es\/it\/wp-json\/wp\/v2\/tags?post=8878"}],"curies":[{"name":"wp","href":"https:\/\/api.w.org\/{rel}","templated":true}]}}