{"id":8865,"date":"2025-07-30T22:58:29","date_gmt":"2025-07-30T21:58:29","guid":{"rendered":"https:\/\/informacionlocal.es\/la-fiera-gastronomica-sabor-a-castillo-arriva-il-30-e-31-luglio-a-caleta-de-fuste\/"},"modified":"2025-07-30T22:58:29","modified_gmt":"2025-07-30T21:58:29","slug":"la-fiera-gastronomica-sabor-a-castillo-arriva-il-30-e-31-luglio-a-caleta-de-fuste","status":"publish","type":"post","link":"https:\/\/informacionlocal.es\/it\/la-fiera-gastronomica-sabor-a-castillo-arriva-il-30-e-31-luglio-a-caleta-de-fuste\/","title":{"rendered":"La fiera gastronomica &#8220;Sabor a Castillo&#8221; arriva il 30 e 31 luglio a Caleta de Fuste."},"content":{"rendered":"<div class=\"entry-content\"><strong>30 luglio 2025<\/strong><\/p>\n<p><em><strong>L&#8217;Associazione imprenditoriale di El Castillo e il Cabildo di Fuerteventura danno il via alla fiera con sapori da tutto il mondo e diverse attivit\u00e0.<\/strong><\/em><\/p>\n<p>L&#8217;Associazione imprenditoriale El Castillo (Aeca) ha dato il via oggi alla fiera gastronomica internazionale Sabor a Castillo, finanziata dal Dipartimento del Commercio del Comune di Fuerteventura, diretto da Lolina Negr\u00edn. L&#8217;evento si terr\u00e0 il 30 e 31 luglio nella piazza di Caleta de Fuste, nel comune di Antigua, con la collaborazione del Municipio. <\/p>\n<p>L&#8217;evento prevede una serie di attivit\u00e0 come un&#8217;area food truck con sapori da tutto il mondo, un mercato gastronomico, spazi per showcooking internazionali, concerti dal vivo e attivit\u00e0 per tutti i pubblici. Si distingue inoltre per essere nato da una proposta partecipativa con il coinvolgimento dei membri dell&#8217;Aeca, dei residenti e delle associazioni locali di Caleta de Fuste. <\/p>\n<p>Il presidente di Aeca, Eduard Van Der Veen, ha dato il benvenuto al pubblico &#8220;a un evento che ha un programma di ampio respiro, incentrato soprattutto sulla valorizzazione del prodotto a chilometro zero del comune, &#8220;nell&#8217;ambito del lavoro dell&#8217;associazione per migliorare la situazione del commercio locale nella zona di El Castillo e del comune&#8221;.<\/p>\n<p>La presidente del Cabildo, Lola Garc\u00eda, sottolinea il fermo impegno dell&#8217;ente isolano a potenziare il commercio locale, in quanto &#8220;rappresenta il sostentamento di molte famiglie e la base dell&#8217;attivit\u00e0 economica dell&#8217;isola&#8221;. Lola Garc\u00eda sottolinea inoltre l&#8217;impegno del Cabildo per iniziative come questa, che stimolano le aree commerciali aperte, generano attivit\u00e0 economica e contribuiscono alla coesione sociale dell&#8217;isola. <\/p>\n<p>Da parte sua, l&#8217;assessore al Commercio, Lolina Negr\u00edn, sottolinea che Sabor a Castillo rappresenta pi\u00f9 di un evento gastronomico, in quanto \u00e8 una celebrazione della multiculturalit\u00e0 e un importante impulso all&#8217;area commerciale di Caleta de Fuste. Da parte del Dipartimento del Commercio, ha spiegato l&#8217;assessore, continueremo a sostenere i progetti di rivitalizzazione commerciale sviluppati dalle associazioni nei diversi comuni di Fuerteventura. <\/p>\n<p>Il sindaco di Antigua, Mat\u00edas Pe\u00f1a, ha espresso la volont\u00e0 del Comune di sostenere &#8220;questo tipo di iniziativa del Dipartimento del Commercio, diretto da Giuseppe Signorino, che sta facendo un ottimo lavoro&#8221;.<\/p>\n<\/div>\n","protected":false},"excerpt":{"rendered":"<p>30 luglio 2025 L&#8217;Associazione imprenditoriale di El Castillo e il Cabildo di Fuerteventura danno il via alla fiera con sapori da tutto il mondo e diverse attivit\u00e0. L&#8217;Associazione imprenditoriale El [&hellip;]<\/p>\n","protected":false},"author":1,"featured_media":8862,"comment_status":"open","ping_status":"open","sticky":false,"template":"","format":"standard","meta":{"inline_featured_image":false,"jnews-multi-image_gallery":[],"jnews_single_post":[],"jnews_primary_category":[],"jnews_social_meta":[],"jnews_override_counter":[],"jnews_post_split":[],"footnotes":""},"categories":[289],"tags":[202,223],"class_list":["post-8865","post","type-post","status-publish","format-standard","has-post-thumbnail","hentry","category-cabildo-it","tag-comuni","tag-fuerteventura-it"],"jetpack_featured_media_url":"https:\/\/informacionlocal.es\/wp-content\/uploads\/2025\/07\/dfdf.jpeg","_links":{"self":[{"href":"https:\/\/informacionlocal.es\/it\/wp-json\/wp\/v2\/posts\/8865","targetHints":{"allow":["GET"]}}],"collection":[{"href":"https:\/\/informacionlocal.es\/it\/wp-json\/wp\/v2\/posts"}],"about":[{"href":"https:\/\/informacionlocal.es\/it\/wp-json\/wp\/v2\/types\/post"}],"author":[{"embeddable":true,"href":"https:\/\/informacionlocal.es\/it\/wp-json\/wp\/v2\/users\/1"}],"replies":[{"embeddable":true,"href":"https:\/\/informacionlocal.es\/it\/wp-json\/wp\/v2\/comments?post=8865"}],"version-history":[{"count":0,"href":"https:\/\/informacionlocal.es\/it\/wp-json\/wp\/v2\/posts\/8865\/revisions"}],"wp:featuredmedia":[{"embeddable":true,"href":"https:\/\/informacionlocal.es\/it\/wp-json\/wp\/v2\/media\/8862"}],"wp:attachment":[{"href":"https:\/\/informacionlocal.es\/it\/wp-json\/wp\/v2\/media?parent=8865"}],"wp:term":[{"taxonomy":"category","embeddable":true,"href":"https:\/\/informacionlocal.es\/it\/wp-json\/wp\/v2\/categories?post=8865"},{"taxonomy":"post_tag","embeddable":true,"href":"https:\/\/informacionlocal.es\/it\/wp-json\/wp\/v2\/tags?post=8865"}],"curies":[{"name":"wp","href":"https:\/\/api.w.org\/{rel}","templated":true}]}}