{"id":8805,"date":"2025-07-30T17:59:04","date_gmt":"2025-07-30T16:59:04","guid":{"rendered":"https:\/\/informacionlocal.es\/pajara-si-aggiudica-lappalto-per-lurbanizzazione-di-la-pared-per-quasi-cinque-milioni-di-euro\/"},"modified":"2025-07-30T17:59:04","modified_gmt":"2025-07-30T16:59:04","slug":"pajara-si-aggiudica-lappalto-per-lurbanizzazione-di-la-pared-per-quasi-cinque-milioni-di-euro","status":"publish","type":"post","link":"https:\/\/informacionlocal.es\/it\/pajara-si-aggiudica-lappalto-per-lurbanizzazione-di-la-pared-per-quasi-cinque-milioni-di-euro\/","title":{"rendered":"P\u00e1jara si aggiudica l&#8217;appalto per l&#8217;urbanizzazione di La Pared per quasi cinque milioni di euro"},"content":{"rendered":"<div class=\"entry-content\">\n<p><b><i>Il progetto prevede una trasformazione completa del centro urbano, con miglioramenti delle infrastrutture di base, dell&#8217;illuminazione, dell&#8217;asfaltatura e dell&#8217;accessibilit\u00e0.  <\/i><\/b><\/p>\n<p><span>Il Municipio di P\u00e1jara ha assegnato l&#8217;appalto per i lavori di urbanizzazione del villaggio di La Pared, un intervento con un budget di quasi cinque milioni di euro, che mira a trasformare e modernizzare le infrastrutture urbane della localit\u00e0.  <\/span><\/p>\n<p><span>Con questo progetto, il Concistoro ribadisce il suo impegno a migliorare la qualit\u00e0 della vita dei residenti del comune e a ottimizzare i servizi pubblici.  <\/span><\/p>\n<p><span>Il primo vicesindaco e assessore ai Lavori, Alexis Alonso, sottolinea l&#8217;impatto che queste azioni avranno sulla citt\u00e0. &#8220;L&#8217;azione trasformer\u00e0 l&#8217;ambiente urbano della zona e risolver\u00e0 le carenze storiche nei servizi di base. Ci impegniamo a realizzare un modello di municipalit\u00e0 pi\u00f9 accessibile e al passo con i tempi, che si impegni per la sostenibilit\u00e0&#8221;, ha dichiarato.   <\/span><\/p>\n<p><span>Da parte sua, il sindaco di P\u00e1jara, Alejandro Jorge, sottolinea l&#8217;importanza strategica di questo intervento. &#8220;La Pared aveva bisogno di un intervento di questa portata da anni. Stiamo adempiendo alla nostra responsabilit\u00e0 istituzionale di fornire infrastrutture moderne e funzionali a tutte le localit\u00e0 del comune&#8221;, afferma.   <\/span><\/p>\n<p><span>L&#8217;opera, approvata in seduta plenaria lo scorso febbraio, prevede una riforma complessiva che include il rifacimento di marciapiedi e pavimentazioni, l&#8217;installazione di nuove pavimentazioni, il miglioramento della rete idrica, la sostituzione delle tubature obsolete, l&#8217;aggiornamento della rete elettrica, l&#8217;installazione di nuovi lampioni e l&#8217;asfaltatura completa delle strade del centro cittadino.  <\/span><\/p>\n<\/div>\n","protected":false},"excerpt":{"rendered":"<p><i>Il progetto prevede una trasformazione completa del centro urbano, con miglioramenti delle infrastrutture di base, dell&#8217;illuminazione, dell&#8217;asfaltatura e dell&#8217;accessibilit\u00e0.  <\/i><\/p>\n","protected":false},"author":1,"featured_media":8802,"comment_status":"open","ping_status":"open","sticky":false,"template":"","format":"standard","meta":{"inline_featured_image":false,"jnews-multi-image_gallery":[],"jnews_single_post":[],"jnews_primary_category":[],"jnews_social_meta":[],"jnews_override_counter":[],"jnews_post_split":[],"footnotes":""},"categories":[298],"tags":[341,203],"class_list":["post-8805","post","type-post","status-publish","format-standard","has-post-thumbnail","hentry","category-pajara-it","tag-infrastrutture-it","tag-servizi-pubblici"],"jetpack_featured_media_url":"https:\/\/informacionlocal.es\/wp-content\/uploads\/2025\/07\/pleno-3007-e1753874594222.jpeg","_links":{"self":[{"href":"https:\/\/informacionlocal.es\/it\/wp-json\/wp\/v2\/posts\/8805","targetHints":{"allow":["GET"]}}],"collection":[{"href":"https:\/\/informacionlocal.es\/it\/wp-json\/wp\/v2\/posts"}],"about":[{"href":"https:\/\/informacionlocal.es\/it\/wp-json\/wp\/v2\/types\/post"}],"author":[{"embeddable":true,"href":"https:\/\/informacionlocal.es\/it\/wp-json\/wp\/v2\/users\/1"}],"replies":[{"embeddable":true,"href":"https:\/\/informacionlocal.es\/it\/wp-json\/wp\/v2\/comments?post=8805"}],"version-history":[{"count":0,"href":"https:\/\/informacionlocal.es\/it\/wp-json\/wp\/v2\/posts\/8805\/revisions"}],"wp:featuredmedia":[{"embeddable":true,"href":"https:\/\/informacionlocal.es\/it\/wp-json\/wp\/v2\/media\/8802"}],"wp:attachment":[{"href":"https:\/\/informacionlocal.es\/it\/wp-json\/wp\/v2\/media?parent=8805"}],"wp:term":[{"taxonomy":"category","embeddable":true,"href":"https:\/\/informacionlocal.es\/it\/wp-json\/wp\/v2\/categories?post=8805"},{"taxonomy":"post_tag","embeddable":true,"href":"https:\/\/informacionlocal.es\/it\/wp-json\/wp\/v2\/tags?post=8805"}],"curies":[{"name":"wp","href":"https:\/\/api.w.org\/{rel}","templated":true}]}}