{"id":8783,"date":"2025-07-30T16:01:50","date_gmt":"2025-07-30T15:01:50","guid":{"rendered":"https:\/\/informacionlocal.es\/il-caaf-investe-300-000-euro-nel-rinnovamento-delle-reti-di-distribuzione-in-altavista\/"},"modified":"2025-07-30T16:01:50","modified_gmt":"2025-07-30T15:01:50","slug":"il-caaf-investe-300-000-euro-nel-rinnovamento-delle-reti-di-distribuzione-in-altavista","status":"publish","type":"post","link":"https:\/\/informacionlocal.es\/it\/il-caaf-investe-300-000-euro-nel-rinnovamento-delle-reti-di-distribuzione-in-altavista\/","title":{"rendered":"Il CAAF investe 300.000 euro nel rinnovamento delle reti di distribuzione in Altavista"},"content":{"rendered":"<div class=\"entry-content\"><strong>30 luglio 2025<\/strong><\/p>\n<p><em><strong>I lavori saranno presto oggetto di una gara d&#8217;appalto e consentiranno di modernizzare la rete per aumentarne l&#8217;efficienza e il flusso.<\/strong><\/em><strong>M<\/strong><\/p>\n<p>Il Consorcio de Abastecimiento de Aguas a Fuerteventura (CAAF) ha tenuto oggi un incontro informativo con i residenti del quartiere di Altavista, nel comune di Tuineje, con l&#8217;obiettivo di fornire dettagli sui lavori di ristrutturazione della rete di distribuzione dell&#8217;acqua potabile nella zona. Questo progetto \u00e8 promosso dal CAAF, su richiesta degli stessi residenti, e si prevede che presto verr\u00e0 indetta una gara d&#8217;appalto per l&#8217;inizio dei lavori. <\/p>\n<p>La Biblioteca Gran Tarajal ha ospitato questo incontro informativo. La Presidente del Cabildo di Fuerteventura, Lola Garc\u00eda, e l&#8217;Assessore all&#8217;Acqua, Adargoma Hern\u00e1ndez, hanno illustrato le azioni necessarie per un progetto fondamentale di sostituzione di tutte le sezioni di tubi dell&#8217;attuale rete di distribuzione, ormai obsoleta. Hanno partecipato anche la sindaca di Tuineje, Candelaria Umpi\u00e9rrez, nonch\u00e9 il direttore e lo staff tecnico del CAAF.  <\/p>\n<p>Come ha spiegato Lola Garc\u00eda, &#8220;nell&#8217;ambito delle azioni previste per migliorare l&#8217;approvvigionamento idrico dell&#8217;isola, si sta facendo un grande sforzo per rinnovare le reti di distribuzione per garantire i flussi necessari tra il nord, il centro e il sud di Fuerteventura&#8221;.<\/p>\n<p>Nel caso della rete di Altavista, il CAAF sta investendo pi\u00f9 di 300.000 euro per sostituire una rete obsoleta e garantire un servizio adeguato nella zona. Una volta iniziati, i lavori richiederanno sei mesi per essere completati, &#8220;e speriamo di poterli mettere in appalto molto presto&#8221;, secondo l&#8217;assessore all&#8217;Acqua, Adargoma Hern\u00e1ndez. <\/p>\n<p>Il consigliere isolano ha anche sottolineato il coordinamento con il Comune di Tuineje, che ha permesso di pianificare i lavori in modo efficiente, mentre si continuano a promuovere importanti infrastrutture idrauliche per garantire una distribuzione efficiente su tutta l&#8217;isola.<\/p>\n<p>La sindaca, Candelaria Umpi\u00e9rrez, ha ringraziato il Cabildo per aver ascoltato le richieste dei residenti e ha sottolineato l&#8217;impegno del Comune di Tuineje nei confronti dei progetti del CAAF, &#8220;come parte del Consorzio&#8221;.<\/p>\n<p>La popolazione del quartiere Altavista \u00e8 cresciuta progressivamente e la rete \u00e8 diventata obsoleta. Alcuni dei vecchi tratti non hanno un diametro sufficiente per alimentare adeguatamente la zona. Per questo motivo, l&#8217;attuale rete sar\u00e0 sostituita da tubi in PVC, un materiale pi\u00f9 moderno che ridurr\u00e0 i possibili tagli e i costi di manutenzione, con un diametro adeguato che permetter\u00e0 di aumentare la portata. Il progetto prevede una riorganizzazione delle reti, con l&#8217;interramento delle tubature visibili e l&#8217;abbellimento dei pozzetti e di altri elementi.   <\/p>\n<p>Inoltre, lungo l&#8217;intera rete, saranno installate delle valvole che consentiranno una corretta gestione dei guasti, permettendo di effettuare tagli per sezioni, in modo da poter effettuare le riparazioni senza richiedere tagli in altre sezioni o aree.<\/p>\n<\/div>\n","protected":false},"excerpt":{"rendered":"<p>30 luglio 2025 I lavori saranno presto oggetto di una gara d&#8217;appalto e consentiranno di modernizzare la rete per aumentarne l&#8217;efficienza e il flusso.M Il Consorcio de Abastecimiento de Aguas [&hellip;]<\/p>\n","protected":false},"author":1,"featured_media":8778,"comment_status":"open","ping_status":"open","sticky":false,"template":"","format":"standard","meta":{"inline_featured_image":false,"jnews-multi-image_gallery":[],"jnews_single_post":[],"jnews_primary_category":[],"jnews_social_meta":[],"jnews_override_counter":[],"jnews_post_split":[],"footnotes":""},"categories":[289],"tags":[223],"class_list":["post-8783","post","type-post","status-publish","format-standard","has-post-thumbnail","hentry","category-cabildo-it","tag-fuerteventura-it"],"jetpack_featured_media_url":"https:\/\/informacionlocal.es\/wp-content\/uploads\/2025\/07\/ddd-4.jpeg","_links":{"self":[{"href":"https:\/\/informacionlocal.es\/it\/wp-json\/wp\/v2\/posts\/8783","targetHints":{"allow":["GET"]}}],"collection":[{"href":"https:\/\/informacionlocal.es\/it\/wp-json\/wp\/v2\/posts"}],"about":[{"href":"https:\/\/informacionlocal.es\/it\/wp-json\/wp\/v2\/types\/post"}],"author":[{"embeddable":true,"href":"https:\/\/informacionlocal.es\/it\/wp-json\/wp\/v2\/users\/1"}],"replies":[{"embeddable":true,"href":"https:\/\/informacionlocal.es\/it\/wp-json\/wp\/v2\/comments?post=8783"}],"version-history":[{"count":0,"href":"https:\/\/informacionlocal.es\/it\/wp-json\/wp\/v2\/posts\/8783\/revisions"}],"wp:featuredmedia":[{"embeddable":true,"href":"https:\/\/informacionlocal.es\/it\/wp-json\/wp\/v2\/media\/8778"}],"wp:attachment":[{"href":"https:\/\/informacionlocal.es\/it\/wp-json\/wp\/v2\/media?parent=8783"}],"wp:term":[{"taxonomy":"category","embeddable":true,"href":"https:\/\/informacionlocal.es\/it\/wp-json\/wp\/v2\/categories?post=8783"},{"taxonomy":"post_tag","embeddable":true,"href":"https:\/\/informacionlocal.es\/it\/wp-json\/wp\/v2\/tags?post=8783"}],"curies":[{"name":"wp","href":"https:\/\/api.w.org\/{rel}","templated":true}]}}