{"id":8767,"date":"2025-07-30T15:09:59","date_gmt":"2025-07-30T14:09:59","guid":{"rendered":"https:\/\/informacionlocal.es\/il-cabildo-apre-il-bando-per-la-concessione-di-sovvenzioni-per-promuovere-lassunzione-e-lavvio-di-iniziative-imprenditoriali\/"},"modified":"2025-07-30T15:09:59","modified_gmt":"2025-07-30T14:09:59","slug":"il-cabildo-apre-il-bando-per-la-concessione-di-sovvenzioni-per-promuovere-lassunzione-e-lavvio-di-iniziative-imprenditoriali","status":"publish","type":"post","link":"https:\/\/informacionlocal.es\/it\/il-cabildo-apre-il-bando-per-la-concessione-di-sovvenzioni-per-promuovere-lassunzione-e-lavvio-di-iniziative-imprenditoriali\/","title":{"rendered":"Il Cabildo apre il bando per la concessione di sovvenzioni per promuovere l&#8217;assunzione e l&#8217;avvio di iniziative imprenditoriali"},"content":{"rendered":"<div class=\"entry-content\"><strong>30 luglio 2025<\/strong><\/p>\n<p><em><strong>Le basi sono state migliorate, dando priorit\u00e0 ai modelli che generano occupazione locale, promuovono l&#8217;equit\u00e0 e collaborano con le entit\u00e0 sociali.<\/strong><\/em><\/p>\n<p>Il Cabildo di Fuerteventura ha aperto il nuovo bando per la presentazione di domande di aiuto per la promozione delle assunzioni e per la realizzazione di iniziative imprenditoriali sull&#8217;isola. In totale, pi\u00f9 di 1,4 milioni di euro saranno assegnati tra le due linee di aiuto, con fondi propri del Cabildo e finanziamenti del Fondo di Sviluppo delle Isole Canarie (FDCAN). &#8220;Questo aiuto \u00e8 molto necessario per promuovere la crescita del tessuto imprenditoriale di Fuerteventura, contribuendo allo stesso tempo a ridurre la disoccupazione a Fuerteventura incoraggiando le assunzioni&#8221;, ha dichiarato la presidente del Cabildo, Lola Garc\u00eda.  <\/p>\n<p>L&#8217;Assessore alla Promozione Economica e all&#8217;Occupazione, Nuria Cabrera, spiega che 797.000 euro sono destinati agli aiuti per la promozione delle assunzioni, che consentono ai beneficiari di coprire i costi salariali del personale assunto, nonch\u00e9 gli oneri sociali che devono pagare quando assumono nuovo personale.<\/p>\n<p>Da parte sua, 637.364,65 euro sono destinati alla linea di sovvenzioni per l&#8217;attuazione di iniziative imprenditoriali che si rivolgono a persone fisiche, giuridiche o gruppi di esse che promuovono progetti imprenditoriali sull&#8217;isola di Fuerteventura.<\/p>\n<p>Le persone interessate hanno 10 giorni lavorativi per presentare le loro domande attraverso la sede elettronica del Cabildo de Fuerteventura. Tutte le informazioni sul bando saranno disponibili all&#8217;indirizzo: https:\/\/www.cabildofuer.es\/cabildo\/atencion-al-ciudadano\/ayudas-becas-y-subvenciones\/promocion-economica\/. <\/p>\n<p>Quest&#8217;anno, il bando per le sovvenzioni \u00e8 stato migliorato con la modifica delle sue basi per poterle estendere a un maggior numero di beneficiari e adattarle alla realt\u00e0 del tessuto imprenditoriale Majorero. Cabrera spiega che la modifica delle regole risponde a due richieste generali avanzate dai beneficiari. Da un lato, il periodo di registrazione \u00e8 stato ridotto, il che estende l&#8217;accesso agli aiuti. Dall&#8217;altro lato, le categorie ammissibili sono state definite pi\u00f9 chiaramente e il processo di richiesta \u00e8 stato completamente digitalizzato, velocizzando cos\u00ec l&#8217;elaborazione e svolgendosi interamente attraverso la sede elettronica del Cabildo di Fuerteventura.   <\/p>\n<p>Gli aiuti per la promozione delle assunzioni sono stati adeguati alle attuali esigenze del mercato del lavoro e ai profili dei candidati. Per quanto riguarda gli aiuti alla creazione di nuove iniziative, viene dato maggior peso alle caratteristiche del progetto nell&#8217;attuale contesto sociale ed economico. <\/p>\n<p>Sono particolarmente apprezzate le proposte che individuano nuove nicchie di mercato, si impegnano nell&#8217;innovazione, migliorano la competitivit\u00e0 e generano occupazione con un maggiore valore aggiunto. Vengono inoltre considerati il rispetto dei criteri di sostenibilit\u00e0 e l&#8217;impatto positivo sul benessere sociale. In questa linea, viene data priorit\u00e0 ai modelli che favoriscono l&#8217;occupazione locale, promuovono l&#8217;equit\u00e0 e collaborano con enti sociali.  <\/p>\n<\/div>\n","protected":false},"excerpt":{"rendered":"<p>30 luglio 2025 Le basi sono state migliorate, dando priorit\u00e0 ai modelli che generano occupazione locale, promuovono l&#8217;equit\u00e0 e collaborano con le entit\u00e0 sociali. Il Cabildo di Fuerteventura ha aperto [&hellip;]<\/p>\n","protected":false},"author":1,"featured_media":8766,"comment_status":"open","ping_status":"open","sticky":false,"template":"","format":"standard","meta":{"inline_featured_image":false,"jnews-multi-image_gallery":[],"jnews_single_post":[],"jnews_primary_category":[],"jnews_social_meta":[],"jnews_override_counter":[],"jnews_post_split":[],"footnotes":""},"categories":[289],"tags":[223],"class_list":["post-8767","post","type-post","status-publish","format-standard","has-post-thumbnail","hentry","category-cabildo-it","tag-fuerteventura-it"],"jetpack_featured_media_url":"https:\/\/informacionlocal.es\/wp-content\/uploads\/2025\/07\/gergh.jpeg","_links":{"self":[{"href":"https:\/\/informacionlocal.es\/it\/wp-json\/wp\/v2\/posts\/8767","targetHints":{"allow":["GET"]}}],"collection":[{"href":"https:\/\/informacionlocal.es\/it\/wp-json\/wp\/v2\/posts"}],"about":[{"href":"https:\/\/informacionlocal.es\/it\/wp-json\/wp\/v2\/types\/post"}],"author":[{"embeddable":true,"href":"https:\/\/informacionlocal.es\/it\/wp-json\/wp\/v2\/users\/1"}],"replies":[{"embeddable":true,"href":"https:\/\/informacionlocal.es\/it\/wp-json\/wp\/v2\/comments?post=8767"}],"version-history":[{"count":0,"href":"https:\/\/informacionlocal.es\/it\/wp-json\/wp\/v2\/posts\/8767\/revisions"}],"wp:featuredmedia":[{"embeddable":true,"href":"https:\/\/informacionlocal.es\/it\/wp-json\/wp\/v2\/media\/8766"}],"wp:attachment":[{"href":"https:\/\/informacionlocal.es\/it\/wp-json\/wp\/v2\/media?parent=8767"}],"wp:term":[{"taxonomy":"category","embeddable":true,"href":"https:\/\/informacionlocal.es\/it\/wp-json\/wp\/v2\/categories?post=8767"},{"taxonomy":"post_tag","embeddable":true,"href":"https:\/\/informacionlocal.es\/it\/wp-json\/wp\/v2\/tags?post=8767"}],"curies":[{"name":"wp","href":"https:\/\/api.w.org\/{rel}","templated":true}]}}