{"id":8757,"date":"2025-07-30T14:00:15","date_gmt":"2025-07-30T13:00:15","guid":{"rendered":"https:\/\/informacionlocal.es\/antigua-conclude-davanti-allavvocato-di-quartiere-che-non-e-e-non-andra-oltre-il-quadro-della-legge\/"},"modified":"2025-07-30T14:00:15","modified_gmt":"2025-07-30T13:00:15","slug":"antigua-conclude-davanti-allavvocato-di-quartiere-che-non-e-e-non-andra-oltre-il-quadro-della-legge","status":"publish","type":"post","link":"https:\/\/informacionlocal.es\/it\/antigua-conclude-davanti-allavvocato-di-quartiere-che-non-e-e-non-andra-oltre-il-quadro-della-legge\/","title":{"rendered":"Antigua conclude davanti all&#8217;avvocato di quartiere che non \u00e8 e non andr\u00e0 oltre il quadro della legge."},"content":{"rendered":"<div class=\"elementor-widget-container\">\n<p><strong>Antigua conclude davanti all&#8217;avvocato di quartiere che non \u00e8 e non andr\u00e0 oltre il quadro della legge.<\/strong><\/p>\n<p><strong>Se un solo consigliere del Comune di Antigua ritiene che la sospensione cautelativa di questo impianto sia legalmente giustificata, allora che lo firmi, dice il sindaco, Mat\u00edas Pe\u00f1a.<\/strong><\/p>\n<p><strong>L&#8217;obiettivo e l&#8217;interesse del Comune di Antigua \u00e8 quello di bloccare l&#8217;installazione dell&#8217;antenna nell&#8217;attuale sito, ma non andando oltre la legge.<\/strong><\/p>\n<p><strong>&#8211; Il Comune di Antigua \u00e8 riuscito a evitare l&#8217;installazione nel nucleo urbano di altri villaggi e ha proposto alternative a quella scelta dalla societ\u00e0 di installazione.<\/strong><br \/><strong>&#8211; Il Comune di Antigua continuer\u00e0 a lavorare su alternative e opzioni legali che possano evitare o fermare le azioni sul sito attuale.<\/strong><\/p>\n<p>Questo mercoled\u00ec mattina, presso il Municipio di Antigua, il Sindaco, accompagnato dai consiglieri del Gruppo di Governo, ha avuto un incontro con l&#8217;avvocato che rappresenta i vicini interessati dal sito scelto dalla societ\u00e0 per l&#8217;installazione di un&#8217;antenna, la cui azione \u00e8 tutelata dalla Legge dello Stato.<\/p>\n<p>L&#8217;obiettivo del Comune di Antigua era quello di avere un incontro legale e di valutare come affrontare congiuntamente un&#8217;accusa o un percorso legale, ma questo non \u00e8 stato il risultato con l&#8217;avvocato presente che, a suo dire, agisce nell&#8217;interesse della comunit\u00e0 che lo ha ingaggiato.<\/p>\n<p>I tecnici e i legali sono i miei occhi in questo Municipio di Antigua, e come sindaco non firmer\u00f2 nessuna sospensione che loro considerino fuori legge&#8221;, afferma Mat\u00edas Pe\u00f1a, che aggiunge: &#8220;Se l&#8217;avvocato assunto dai vicini direttamente interessati dalla vicinanza ritiene che ci sia una via legale aperta, allora si proceda pure&#8221;. Naturalmente, aggiunge il sindaco, se qualche consigliere ritiene il contrario e vuole firmare la sospensione di questa azione, pu\u00f2 farlo quando vuole. <\/p>\n<p>Il nemico qui non \u00e8 l&#8217;antenna telefonica, nemmeno la compagnia, e tanto meno la propriet\u00e0 del terreno, n\u00e9 le amministrazioni locali, come il Municipio di Antigua, ma la protezione che la legge statale sulle telecomunicazioni d\u00e0 all&#8217;imposizione di un sito per la sua installazione, che nessuno vuole.<\/p>\n<\/div>\n","protected":false},"excerpt":{"rendered":"<p><strong>Antigua conclude davanti all&#8217;avvocato di quartiere che non \u00e8 e non andr\u00e0 oltre il quadro della legge.<\/strong><\/p>\n","protected":false},"author":1,"featured_media":8754,"comment_status":"open","ping_status":"open","sticky":false,"template":"","format":"standard","meta":{"inline_featured_image":false,"jnews-multi-image_gallery":[],"jnews_single_post":[],"jnews_primary_category":[],"jnews_social_meta":[],"jnews_override_counter":[],"jnews_post_split":[],"footnotes":""},"categories":[282],"tags":[],"class_list":["post-8757","post","type-post","status-publish","format-standard","has-post-thumbnail","hentry","category-antigua-it"],"jetpack_featured_media_url":"https:\/\/informacionlocal.es\/wp-content\/uploads\/2025\/07\/antigua-concluye-ante-el-abogado-vecinal-que-no-esta-ni-pasara-por-encima-del-marco-de-la-ley-1.jpg","_links":{"self":[{"href":"https:\/\/informacionlocal.es\/it\/wp-json\/wp\/v2\/posts\/8757","targetHints":{"allow":["GET"]}}],"collection":[{"href":"https:\/\/informacionlocal.es\/it\/wp-json\/wp\/v2\/posts"}],"about":[{"href":"https:\/\/informacionlocal.es\/it\/wp-json\/wp\/v2\/types\/post"}],"author":[{"embeddable":true,"href":"https:\/\/informacionlocal.es\/it\/wp-json\/wp\/v2\/users\/1"}],"replies":[{"embeddable":true,"href":"https:\/\/informacionlocal.es\/it\/wp-json\/wp\/v2\/comments?post=8757"}],"version-history":[{"count":0,"href":"https:\/\/informacionlocal.es\/it\/wp-json\/wp\/v2\/posts\/8757\/revisions"}],"wp:featuredmedia":[{"embeddable":true,"href":"https:\/\/informacionlocal.es\/it\/wp-json\/wp\/v2\/media\/8754"}],"wp:attachment":[{"href":"https:\/\/informacionlocal.es\/it\/wp-json\/wp\/v2\/media?parent=8757"}],"wp:term":[{"taxonomy":"category","embeddable":true,"href":"https:\/\/informacionlocal.es\/it\/wp-json\/wp\/v2\/categories?post=8757"},{"taxonomy":"post_tag","embeddable":true,"href":"https:\/\/informacionlocal.es\/it\/wp-json\/wp\/v2\/tags?post=8757"}],"curies":[{"name":"wp","href":"https:\/\/api.w.org\/{rel}","templated":true}]}}