{"id":8732,"date":"2025-07-29T22:58:53","date_gmt":"2025-07-29T21:58:53","guid":{"rendered":"https:\/\/informacionlocal.es\/tetir-e-puerto-del-rosario-celebrano-100-anni-di-storia-comune-con-una-tavola-rotonda-e-musica-tradizionale\/"},"modified":"2025-07-29T22:58:53","modified_gmt":"2025-07-29T21:58:53","slug":"tetir-e-puerto-del-rosario-celebrano-100-anni-di-storia-comune-con-una-tavola-rotonda-e-musica-tradizionale","status":"publish","type":"post","link":"https:\/\/informacionlocal.es\/it\/tetir-e-puerto-del-rosario-celebrano-100-anni-di-storia-comune-con-una-tavola-rotonda-e-musica-tradizionale\/","title":{"rendered":"Tetir e Puerto del Rosario celebrano 100 anni di storia comune con una tavola rotonda e musica tradizionale."},"content":{"rendered":"<div class=\"entry-content\">\n<p>Mercoled\u00ec 30 luglio, il villaggio di Tetir ospiter\u00e0 un evento molto speciale nell&#8217;ambito delle Fiestas de Santo Domingo de Guzm\u00e1n 2025, per commemorare il centenario della fusione tra Puerto Cabras e Tetir, due citt\u00e0 storiche che hanno condiviso un&#8217;eredit\u00e0 comune negli ultimi cento anni.<\/p>\n<p>Il Centro Culturale di Tetir sar\u00e0 la cornice di questo emozionante incontro che inizier\u00e0 alle 20:00 con una tavola rotonda dal titolo &#8220;Puerto Cabras &#8211; Tetir: 100 anni di fusione&#8221;, organizzata dall&#8217;Associazione di Quartiere Vega de Tetir San Andr\u00e9s con il patrocinio del Municipio di Puerto del Rosario, attraverso l&#8217;Assessorato alla Cultura.<\/p>\n<p>L&#8217;evento sar\u00e0 inaugurato dall&#8217;assessore alla Cultura, Juan Manuel Verdugo, che sottolinea &#8220;l&#8217;importanza di guardare al passato con orgoglio e al futuro con responsabilit\u00e0, riconoscendo il valore storico e umano che citt\u00e0 come Tetir hanno apportato alla capitale&#8221;.<\/p>\n<p>Durante la serata verr\u00e0 proiettato un video promozionale in omaggio a Tetir, seguito da un&#8217;arricchente conversazione moderata da Marusa Hern\u00e1ndez, con la partecipazione di Sayo Cerde\u00f1a, Paco Cerde\u00f1a e Carlos Vera, voci di spicco della storia, della cultura e dell&#8217;impegno di quartiere. Anche il cronista ufficiale di Fuerteventura, Tero Brito, interverr\u00e0 per contestualizzare il significato di questa unione centenaria. <\/p>\n<p>All&#8217;evento parteciper\u00e0 il sindaco di Puerto del Rosario, David de Vera, che ha sottolineato &#8220;l&#8217;orgoglio di celebrare questo centenario a Tetir, una citt\u00e0 che ha saputo mantenere viva la sua identit\u00e0, la sua tradizione e la sua ospitalit\u00e0. Dal Municipio continuiamo a sostenere eventi come questo che rafforzano il nostro patrimonio comune e la nostra memoria collettiva&#8221;.<\/p>\n<p>A seguire, dalle ore 21:00, si terr\u00e0 uno spettacolo musicale commemorativo a cura dell&#8217;Associazione Folklorica di Tetir, oltre agli artisti Ayla, Julia e Pedro Umpi\u00e9rrez, tre cantautori Majorero che aggiungeranno la loro voce e sensibilit\u00e0 artistica a questa data importante per il comune.<\/p>\n<p>Il Comune di Puerto del Rosario \u00e8 particolarmente grato all&#8217;Associazione di quartiere Vega de Tetir San Andr\u00e9s per il suo impegno nel preservare le feste del villaggio e nell&#8217;organizzare eventi commoventi come questo, che onorano il passato e fanno rivivere il presente.<\/p>\n<p>Tutti i cittadini sono invitati a partecipare a questa giornata storica, che non celebra solo una fusione amministrativa, ma anche un&#8217;unione di sentimenti, tradizioni e un futuro condiviso, perch\u00e9 un popolo che ricorda la sua storia \u00e8 un popolo che cammina con forza.<\/p>\n<\/div>\n","protected":false},"excerpt":{"rendered":"<p>Mercoled\u00ec 30 luglio, il villaggio di Tetir ospiter\u00e0 un evento molto speciale nell&#8217;ambito delle Fiestas de Santo Domingo de Guzm\u00e1n 2025, per commemorare il centenario della fusione tra Puerto Cabras [&hellip;]<\/p>\n","protected":false},"author":1,"featured_media":8730,"comment_status":"open","ping_status":"open","sticky":false,"template":"","format":"standard","meta":{"inline_featured_image":false,"jnews-multi-image_gallery":[],"jnews_single_post":[],"jnews_primary_category":[],"jnews_social_meta":[],"jnews_override_counter":[],"jnews_post_split":[],"footnotes":""},"categories":[295],"tags":[223],"class_list":["post-8732","post","type-post","status-publish","format-standard","has-post-thumbnail","hentry","category-puerto-del-rosario-it","tag-fuerteventura-it"],"jetpack_featured_media_url":"https:\/\/informacionlocal.es\/wp-content\/uploads\/2025\/07\/iglesia-itu-tetir-centenario.jpg","_links":{"self":[{"href":"https:\/\/informacionlocal.es\/it\/wp-json\/wp\/v2\/posts\/8732","targetHints":{"allow":["GET"]}}],"collection":[{"href":"https:\/\/informacionlocal.es\/it\/wp-json\/wp\/v2\/posts"}],"about":[{"href":"https:\/\/informacionlocal.es\/it\/wp-json\/wp\/v2\/types\/post"}],"author":[{"embeddable":true,"href":"https:\/\/informacionlocal.es\/it\/wp-json\/wp\/v2\/users\/1"}],"replies":[{"embeddable":true,"href":"https:\/\/informacionlocal.es\/it\/wp-json\/wp\/v2\/comments?post=8732"}],"version-history":[{"count":0,"href":"https:\/\/informacionlocal.es\/it\/wp-json\/wp\/v2\/posts\/8732\/revisions"}],"wp:featuredmedia":[{"embeddable":true,"href":"https:\/\/informacionlocal.es\/it\/wp-json\/wp\/v2\/media\/8730"}],"wp:attachment":[{"href":"https:\/\/informacionlocal.es\/it\/wp-json\/wp\/v2\/media?parent=8732"}],"wp:term":[{"taxonomy":"category","embeddable":true,"href":"https:\/\/informacionlocal.es\/it\/wp-json\/wp\/v2\/categories?post=8732"},{"taxonomy":"post_tag","embeddable":true,"href":"https:\/\/informacionlocal.es\/it\/wp-json\/wp\/v2\/tags?post=8732"}],"curies":[{"name":"wp","href":"https:\/\/api.w.org\/{rel}","templated":true}]}}